{"id":291,"date":"2009-07-23T17:51:00","date_gmt":"2009-07-23T15:51:00","guid":{"rendered":"http:\/\/lapecera.ch\/?p=291"},"modified":"2009-07-23T17:51:00","modified_gmt":"2009-07-23T15:51:00","slug":"vacaciones-de-cris-y-chris-v-qaqqaqaqaaq-y-refrescos-de-limon","status":"publish","type":"post","link":"https:\/\/blog.lapecera.ch\/?p=291","title":{"rendered":"Vacaciones de Cris y Chris V: Qaqqaqaqaaq* y refrescos de lim\u00f3n"},"content":{"rendered":"<p><span style=\"font-size:78%;\"><strong>Edito: <\/strong>fotos de la boda <\/span><a href=\"http:\/\/picasaweb.google.ch\/lapecera.fotos\/BodaDeLosSilviS18709?authkey=Gv1sRgCJ3Hm6ualICJ1QE#\" target=\"_blank\"><span style=\"font-size:78%;\">aqu\u00ed<\/span><\/a><span style=\"font-size:78%;\">, fotos de las vacaciones <\/span><a href=\"http:\/\/picasaweb.google.ch\/papalbina\/\" target=\"_blank\"><span style=\"font-size:78%;\">aqu\u00ed<\/span><\/a><\/p>\n<p>Llevo dos d\u00edas de vuelta en la oficina y tengo ganas de marcharme de nuevo v.v En fin&#8230; A ver, \u00bfqu\u00e9 os cuento de las vacaciones? Podr\u00eda ir por partes como las vacaciones en s\u00ed mismas xD<\/p>\n<p><b>8 al 11 de julio 2009<\/b> \u2014 <a href=\"http:\/\/maps.google.ch\/maps?f=q&amp;source=s_q&amp;hl=en&amp;geocode=&amp;q=munt+la+reita&amp;sll=46.362093,9.036255&amp;sspn=5.504485,9.854736&amp;ie=UTF8&amp;t=h&amp;z=16&amp;iwloc=A\" target=\"_blank\">Munt La Reita, Cimalmotto, Tesino<\/a> (aka el culo del mundo a la derecha):<br \/>Necesitamos un total de seis horas y media para llegar desde Olten a este paradisiaco lugar en los Alpes tesinenses entre tren, autobus y <a href=\"http:\/\/www.postauto.ch\/en\/pag-startseite.htm\" target=\"_blank\">postauto<\/a>.<\/p>\n<p>En este lugar pasamos tres noches en un apartamento chiquit\u00edn, mono pero atestado de moscas (cojoneras). <a href=\"http:\/\/www.muntlareita.ch\/\" target=\"_blank\">Munt la Reita<\/a> es una granja alpina regentada por una pareja de Z\u00farich y su hijo mayor, donde ofrecen varias posibilidades de alojamiento, entre ellas, una casita mon\u00edsima plantada en medio del g\u00fcerto y una yurta, aparte del apartamento &#8220;Les girasoles&#8221; donde nos alojamos nosotros. El sitio es muy bonito, pero despu\u00e9s de matar el primer d\u00eda a m\u00e1s de una docena de moscas y acabar la estancia siendo expertos usuarios de un matamoscas, no me quedaron ganas de volver&#8230; al menos sin insecticida en la maleta \u00ac\u00ac<\/p>\n<p>Desde all\u00ed hicimos un par de <em>Wanderungen<\/em> (alg\u00fan d\u00eda deber\u00eda aprender a decir esto en espa\u00f1ol v.v). El primero al <a href=\"http:\/\/maps.google.ch\/maps?f=q&amp;source=s_q&amp;hl=en&amp;geocode=&amp;q=sfii&amp;sll=46.281327,8.482137&amp;sspn=0.002692,0.004812&amp;ie=UTF8&amp;ll=46.275131,8.4899&amp;spn=0.021535,0.038495&amp;t=h&amp;z=15&amp;iwloc=A\" target=\"_blank\">Lago di Sfii<\/a> que nos llev\u00f3 sus buenas cuatro horas y media. El segundo m\u00e1s largo, sobre todo, por lo que tuvimos que esperar a los autobuses para volver a &#8220;casa&#8221;, fue desde Cimalmotto hasta <a href=\"http:\/\/maps.google.ch\/maps?f=q&amp;source=s_q&amp;hl=en&amp;geocode=&amp;q=bosco%2Fgurin&amp;sll=46.299568,8.484106&amp;sspn=0.043051,0.07699&amp;ie=UTF8&amp;t=h&amp;z=13&amp;iwloc=A\" target=\"_blank\">Bosco\/Gurin<\/a> via el Paso di Quadrella. Llegamos a Bosco\/Gurin a eso de las dos y media y tuvimos que esperar en el pueblo hasta las cinco al Postauto que nos llevaba a Cerentino. Aprovechamos y comimos bien en un restaurante (porque Bosco\/Gurin queda un poco antes del culo del mundo y hay tiendas y restaurante y hoteles). Luego en Cerentino tuvimos que esperar otra buena hora al Postauto que nos llev\u00f3 de vuelta a Cimalmotto y all\u00ed me desquit\u00e9 con una gazosa a la mandarina *___*<\/p>\n<p>Al d\u00eda siguiente cogimos los bartulos y nos fuimos a Graub\u00fcnden&#8230;<\/p>\n<p><b>11 al 15 de julio 2009<\/b> \u2013 <a href=\"http:\/\/www.nationalpark.ch\/\" target=\"_blank\">Parc Naziunal Svizzer<\/a> y <a href=\"http:\/\/maps.google.ch\/maps?f=q&amp;source=s_q&amp;hl=en&amp;geocode=&amp;q=zernez&amp;sll=46.316268,8.493314&amp;sspn=0.086076,0.15398&amp;ie=UTF8&amp;t=h&amp;z=12&amp;iwloc=A\" target=\"_blank\">Zernez, Graub\u00fcnden<\/a> (aka fin del mundo a mano izquierda):<br \/>Zernez no queda ni de lejos en el fin del mundo porque hay Coop y tiendas y carreteras y cobertura y esas cosas que definen la civilizaci\u00f3n, pero como estabamos de acampada, me sent\u00ed en el fin del mundo, as\u00ed que pal caso, \u00a1patatas! Nuestro objetivo principal, en palabras de Christoph, era &#8220;ver bichos&#8221; que traducido del indio comanche significa ver cabras montesas, ciervos o rebecos (y me hubiera gustado ver una comadreja pero como son animales de habitos nocturnos crudo lo ten\u00eda, aunque descubr\u00ed que es un bicho demasiado peque\u00f1o para ser la protagonista de &#8220;La leyenda de Rahul y la comadreja&#8221;, pero me da igual).<\/p>\n<p><a href=\"http:\/\/www.nationalpark.ch\/\" target=\"_blank\">El parque nacional suizo<\/a> se cre\u00f3 en 1914. En \u00e9l habitan un mont\u00f3n de &#8220;bichos&#8221; como cabras montesas, rebecos, marmotas, ciervos, \u00e1guilas, quebrantahuesos, un mont\u00f3n de ranas, peces y p\u00e1jaros y aproximadamente 4500 especies diferentes de insectos&#8230; Lo \u00fanico que vimos en nuestra estancia all\u00ed fueron unas 6 \u00f3 7 especies de insectos y pajaricos, pero a saber de qu\u00e9 tipo eran xDD Si os interesa, os recomiendo la p\u00e1gina web es muy interesante.<\/p>\n<p>En el parque nacional hay varias rutas marcadas, en total 21 (creo). Y de esas hicimos al menos dos combinadas con otras&#8230; El primer d\u00eda fuimos desde Vallun Chafuol (Parking 3) hasta Jl Fuorn (Parking 6). El segundo d\u00eda, cuando llegaron Migge y sus amigos espa\u00f1oles (Mayte y Cacho, de Alcal\u00e1 de Henares), fuimos desde Vallun Chafuol (Parking 3) hasta Punt-La-Drossa (Parking 4) dando una vuelta espectacular y super chula que en vez de 2 horas y tres cuartos, nos llev\u00f3 3 y media (o algo m\u00e1s). El suceso c\u00f3mico del d\u00eda fue que mientras esperabamos el Postauto, unos motoristas pararon a preguntarnos por el camino y resultaron ser de Linares&#8230; y la madre de Mayte viene de un pueblo de al lado&#8230; \u00a1\u00a1Anda que no nos reimos ni na!! xDD Al d\u00eda siguiente fuimos a ver el museo que hay en el Centro del Parque Nacional en Zernez y por la tarde dimos un peque\u00f1o paseo por el valle de S-Chanf hasta una caba\u00f1a que hay en el camino. De ah\u00ed dimos la vuelta al coche, ellos nos llevaron de vuelta al camping y luego se fueron pa casa&#8230; Nosotros nos quedamos una noche m\u00e1s y por la ma\u00f1ana recogimos la tienda y nos volvimos pa casa *_____* a mi cama *_______* a mi ducha *___________________* a mi ordenador T______________T (que se me ha estropeado el d\u00eda despu\u00e9s de que terminase la garant\u00eda, chachi, \u00bfno?).<\/p>\n<p><b>16 de julio 2009<\/b> \u2013 Olten, Soleura: Mientras Christoph pasaba una par de horas en la Fachhochschule preparando no-s\u00e9-el-qu\u00e9, yo me iba a comprar comida para la cena que tendr\u00edamos por la noche con Migge y los espa\u00f1oles xDD Lamentablemente para el buen ritmo de sue\u00f1o y madrugar que hab\u00eda cogido durante las vacaciones, ese d\u00eda tuve que ponerme a hacer la maleta para Madrid que acab\u00e9 a las 2 de la ma\u00f1ana v.v al d\u00eda siguiente parec\u00eda un muerto viviente T-T<\/p>\n<p><b>17 &#8211; 19 de julio 2009<\/b> \u2013 Boda de los Silvi@s, Madrid: El viernes cenamos todos los que ven\u00edamos de Suiza juntos en un restaurante del centro, estuvo bien, aunque la comida una vez m\u00e1s me dej\u00f3 un poco decepcionada&#8230; Est\u00e1 claro que la comida tradicional espa\u00f1ola no es lo m\u00edo \u00ac\u00ac Ese d\u00eda empez\u00f3 mi carrera contrarreloj para hartarme de refrescos de lim\u00f3n para tener suficiente antes de volver a Suiza (donde sorprendentemente no existen v.v)&#8230;<\/p>\n<p>El s\u00e1bado por la ma\u00f1ana, aparte de comprarme un mont\u00f3n de libros, estuve en mi primera kedada del foro LGG con Alexia, khardan, PetaZeta, Abagon y Marinuska. Intentaron hacerme jugar a un juego con cartas y un totem, pero no lo consiguieron xDD Tambi\u00e9n intentaron robarme los libros, pero estaban a buen recaudo. Y en definitiva que lo pas\u00e9 muy bien y me hizo mucha ilusi\u00f3n poder conocer, por fin, a la gente del foro (bueno, a Nuska ya la conoc\u00eda xDD). La pena es que est\u00fapidamente no hicimos ninguna foto T____________________T Y eso que yo llevaba mi c\u00e1mara conmigo (y el m\u00f3vil, por si la primera hubiese faltado).<\/p>\n<p>De la boda&#8230; \u00a1Qu\u00e9 guapa estaban las dos hermanas de Silvia! *\u00ac* \u00a1Y qu\u00e9 guapa estaba la novia! *___* \u00a1Y la madre de la novia! Lo pasamos genial porque todo sali\u00f3 a pedir de boca. S\u00f3lo me sorprendi\u00f3 la ceremonia en s\u00ed que no era ni civil ni religiosa, sino m\u00e1s bien un chimichurrillo curioso xDD Pero estuvo muy bien, sobre todo, por la llantina que se pill\u00f3 toda la familia (incluidos los novios de las hermanas, ojo) desde que Ana, la hermana peque\u00f1a de Silvia, se puso en pie para dar su discurso. Antes de llegar al micr\u00f3fono ya estaba llorando&#8230; xDDD<\/p>\n<p>Hubo muchas risas, mucho bailoteo (ojo, que aguant\u00e9 toda la noche con mis zapatos de tac\u00f3n de 7 cent\u00edmetros), mucha comida, una tarta de chocolate de muerte, muchas fotos&#8230; Una de las situaciones c\u00f3micas \u2013con la que me re\u00ed yo sola porque casi nadie se dio cuenta\u2013 es que de tanto pedir refrescos de lim\u00f3n en el aperitivo de la boda, el camarero acab\u00f3 conoci\u00e9ndome. Cuando nos sentamos a cenar y empezaron a ponernos el vino, yo dije que no quer\u00eda vino blanco, despu\u00e9s de un rato el camarero se pas\u00f3 por mi sitio y me pregunt\u00f3 si iba a beber vino tinto, le dije que no y va y de la que me quita la copa, me pregunta: &#8220;\u00bfUna fanta de lim\u00f3n?&#8221;. Entre risas le dije que s\u00ed y estuve parti\u00e9ndome el culo un buen rato xDDD<\/p>\n<p>En fin, me acost\u00e9 ese d\u00eda a las cinco y media de la ma\u00f1ana, me levant\u00e9 a las 10 y a las 2 y media (despu\u00e9s de dos trinas de lim\u00f3n en la terraza en compa\u00f1ia de los Silvios, los Hubis y la hermana de Silvia y su novio) nos fuimos pal aeropuerto, de donde salimos con casi una hora de retraso&#8230; Llegamos a casa a las 11 de la noche y yo me fui directa pal sobre.<\/p>\n<p>Los siguientes dos d\u00edas de vacaciones, que Christoph estuvo en no-s\u00e9-d\u00f3nde haciendo no-s\u00e9-qu\u00e9 y yo estuve en casa solita, me dediqu\u00e9 a hacer el vago e ir de compras (e intentar rescatar a mi ordenador, que no ha sido posible)&#8230; Porque ayer cuando volv\u00ed al trabajo empec\u00e9 a sentir el trabajo que se me amontonaba sobre los hombros&#8230; En fin&#8230; cuando se acabe el 3.1.B, creo que me voy a ir de fin de semana a cualquier lado a recuperarme xDD Aunque jurar\u00eda que pa cuando acabe el 3.1.B estar\u00e9 en la monta\u00f1a cual cabra montesa tirando millas en direcci\u00f3n a la <a href=\"http:\/\/www.randa.ch\/europahuette.html\" target=\"_blank\">Europah\u00fctte<\/a> xDD<\/p>\n<p>Las fotos intentar\u00e9 subirlas hoy, pero no prometo nada que lo dicho mi ordenador est\u00e1 flipao del todo T____T<\/p>\n<p>Con esto y un bizcocho&#8230; Besos<br \/>Cris<\/p>\n<p>PS: Apropos, por suerte llev\u00e9 a la boda el vestido azul a lo Eva Longoria y no el <a href=\"http:\/\/lapecera.ch\/2009\/05\/consumista-nata-viii-chiuaua\/\" target=\"_blank\">Chiuaua<\/a> del MANGO de la Pen\u00e9lope Cruz porque hab\u00eda una t\u00eda en la boda que llevaba ese mismo&#8230; \u00a1fiuuuu!<\/p>\n<p>* <span style=\"font-size:85%;\">descubierto estas vacaciones, en groenland\u00e9s significa &#8220;aqu\u00ed hay muchas monta\u00f1as&#8221; xDDD<\/span><\/p>\n","protected":false},"excerpt":{"rendered":"<p>Edito: fotos de la boda aqu\u00ed, fotos de las vacaciones aqu\u00ed Llevo dos d\u00edas de vuelta en la oficina y tengo ganas de marcharme de nuevo v.v En fin&#8230; A ver, \u00bfqu\u00e9 os cuento de las vacaciones? Podr\u00eda ir por partes como las vacaciones en s\u00ed mismas xD 8 al 11 de julio 2009 \u2014 [&hellip;]<\/p>\n","protected":false},"author":3,"featured_media":0,"comment_status":"open","ping_status":"closed","sticky":false,"template":"","format":"standard","meta":{"footnotes":""},"categories":[],"tags":[],"class_list":["post-291","post","type-post","status-publish","format-standard","hentry"],"_links":{"self":[{"href":"https:\/\/blog.lapecera.ch\/index.php?rest_route=\/wp\/v2\/posts\/291","targetHints":{"allow":["GET"]}}],"collection":[{"href":"https:\/\/blog.lapecera.ch\/index.php?rest_route=\/wp\/v2\/posts"}],"about":[{"href":"https:\/\/blog.lapecera.ch\/index.php?rest_route=\/wp\/v2\/types\/post"}],"author":[{"embeddable":true,"href":"https:\/\/blog.lapecera.ch\/index.php?rest_route=\/wp\/v2\/users\/3"}],"replies":[{"embeddable":true,"href":"https:\/\/blog.lapecera.ch\/index.php?rest_route=%2Fwp%2Fv2%2Fcomments&post=291"}],"version-history":[{"count":0,"href":"https:\/\/blog.lapecera.ch\/index.php?rest_route=\/wp\/v2\/posts\/291\/revisions"}],"wp:attachment":[{"href":"https:\/\/blog.lapecera.ch\/index.php?rest_route=%2Fwp%2Fv2%2Fmedia&parent=291"}],"wp:term":[{"taxonomy":"category","embeddable":true,"href":"https:\/\/blog.lapecera.ch\/index.php?rest_route=%2Fwp%2Fv2%2Fcategories&post=291"},{"taxonomy":"post_tag","embeddable":true,"href":"https:\/\/blog.lapecera.ch\/index.php?rest_route=%2Fwp%2Fv2%2Ftags&post=291"}],"curies":[{"name":"wp","href":"https:\/\/api.w.org\/{rel}","templated":true}]}}