{"id":290,"date":"2009-07-08T08:00:00","date_gmt":"2009-07-08T06:00:00","guid":{"rendered":"http:\/\/lapecera.ch\/?p=290"},"modified":"2009-07-08T08:00:00","modified_gmt":"2009-07-08T06:00:00","slug":"cerrado-por-vacaciones-estivales-sacagujetas","status":"publish","type":"post","link":"https:\/\/blog.lapecera.ch\/?p=290","title":{"rendered":"Cerrado por vacaciones estivales sacagujetas"},"content":{"rendered":"<p>\u00a1Hala, hasta m\u00e1s ver! \ud83d\ude42<\/p>\n<p><object width=\"560\" height=\"340\"><param name=\"movie\" value=\"http:\/\/www.youtube.com\/v\/n4V95vAWWYo&amp;hl=en&amp;fs=1&amp;color1=0x5d1719&amp;color2=0xcd311b\"><param name=\"allowFullScreen\" value=\"true\"><param name=\"allowscriptaccess\" value=\"always\"><embed src=\"http:\/\/www.youtube.com\/v\/n4V95vAWWYo&#038;hl=en&#038;fs=1&#038;color1=0x5d1719&#038;color2=0xcd311b\" type=\"application\/x-shockwave-flash\" allowscriptaccess=\"always\" allowfullscreen=\"true\" width=\"560\" height=\"340\"><\/embed><\/object><\/p>\n<blockquote><p>Cabra1: Mira, mira. Tienes que mirar. Ah\u00ed viene otro<br \/>Cabra2: S\u00ed, otro de nuevo<br \/>Cabra1: El pobre con calambres, \u00bfeh? \u00a1Ay, ay, ay! M\u00edralo como tiene que luchar<br \/>Cabra2: \u00a1Lucha, lucha, venga!<br \/>Cabra1: Con la lengua fuera y la cabeza toda roja, el pobre hombre<br \/>Cabra2: Eso no le hace da\u00f1o, \u00bfno?<br \/>Cabra1: Pero, m\u00edralo, tiene una bici bien cara<br \/>Cabra2: S\u00ed, una cara<br \/>Cabra1: Carb\u00f3n en vez de condici\u00f3n, \u00bfeh? \u00a1Venga, venga!<br \/>Cabra2: \u00a1Venga!<\/p>\n<p>Disfrute del verano en la monta\u00f1a de Graub\u00fcnden. Ofertas para ciclistas y monta\u00f1eros en <a href=\"http:\/\/www.graubuenden.ch\/\" target=\"_blank\">http:\/\/www.graubuenden.ch\/<\/a><\/p><\/blockquote>\n<p>Nos vemos a la vuelta, el 21 de julio. \u00a1Disfruten del verano! \ud83d\ude09<\/p>\n<p>Con esto y un bizcocho&#8230; Besos<br \/>Cris<\/p>\n","protected":false},"excerpt":{"rendered":"<p>\u00a1Hala, hasta m\u00e1s ver! \ud83d\ude42 Cabra1: Mira, mira. Tienes que mirar. Ah\u00ed viene otroCabra2: S\u00ed, otro de nuevoCabra1: El pobre con calambres, \u00bfeh? \u00a1Ay, ay, ay! M\u00edralo como tiene que lucharCabra2: \u00a1Lucha, lucha, venga!Cabra1: Con la lengua fuera y la cabeza toda roja, el pobre hombreCabra2: Eso no le hace da\u00f1o, \u00bfno?Cabra1: Pero, m\u00edralo, tiene [&hellip;]<\/p>\n","protected":false},"author":3,"featured_media":0,"comment_status":"open","ping_status":"closed","sticky":false,"template":"","format":"standard","meta":{"footnotes":""},"categories":[],"tags":[],"class_list":["post-290","post","type-post","status-publish","format-standard","hentry"],"_links":{"self":[{"href":"https:\/\/blog.lapecera.ch\/index.php?rest_route=\/wp\/v2\/posts\/290","targetHints":{"allow":["GET"]}}],"collection":[{"href":"https:\/\/blog.lapecera.ch\/index.php?rest_route=\/wp\/v2\/posts"}],"about":[{"href":"https:\/\/blog.lapecera.ch\/index.php?rest_route=\/wp\/v2\/types\/post"}],"author":[{"embeddable":true,"href":"https:\/\/blog.lapecera.ch\/index.php?rest_route=\/wp\/v2\/users\/3"}],"replies":[{"embeddable":true,"href":"https:\/\/blog.lapecera.ch\/index.php?rest_route=%2Fwp%2Fv2%2Fcomments&post=290"}],"version-history":[{"count":0,"href":"https:\/\/blog.lapecera.ch\/index.php?rest_route=\/wp\/v2\/posts\/290\/revisions"}],"wp:attachment":[{"href":"https:\/\/blog.lapecera.ch\/index.php?rest_route=%2Fwp%2Fv2%2Fmedia&parent=290"}],"wp:term":[{"taxonomy":"category","embeddable":true,"href":"https:\/\/blog.lapecera.ch\/index.php?rest_route=%2Fwp%2Fv2%2Fcategories&post=290"},{"taxonomy":"post_tag","embeddable":true,"href":"https:\/\/blog.lapecera.ch\/index.php?rest_route=%2Fwp%2Fv2%2Ftags&post=290"}],"curies":[{"name":"wp","href":"https:\/\/api.w.org\/{rel}","templated":true}]}}