{"id":289,"date":"2009-07-07T15:03:00","date_gmt":"2009-07-07T13:03:00","guid":{"rendered":"http:\/\/lapecera.ch\/?p=289"},"modified":"2009-07-07T15:03:00","modified_gmt":"2009-07-07T13:03:00","slug":"asvireca-iii-el-bilinguismo-salvara-el-mundo","status":"publish","type":"post","link":"https:\/\/blog.lapecera.ch\/?p=289","title":{"rendered":"Vacaciones de Cris y AsViReCa III: El biling\u00fcismo salvar\u00e1 el mundo\u2026"},"content":{"rendered":"<blockquote><p>Excuse me, polizonte. I am a little perdida, can you ense\u00f1arme the good camino?<\/p><\/blockquote>\n<p>Llevo dos semanas intentando sacar tiempo para ponerme y contaros sobre el fin de semana de las ni\u00f1as aqu\u00ed, y tambi\u00e9n del pasado fin de semana que estuvieron mis M&amp;M favoritos por estos lares, pero no llego v.v As\u00ed que os dejo las fotos \ud83d\ude42<\/p>\n<p>Las fotos del fin de semana de las ni\u00f1as:<\/p>\n<table style=\"WIDTH: 194px\">\n<tbody>\n<tr>\n<td style=\"BACKGROUND: url(http:\/\/picasaweb.google.ch\/s\/c\/transparent_album_background.gif) no-repeat left 50%; HEIGHT: 194px\" align=\"middle\"><a href=\"http:\/\/picasaweb.google.ch\/lapecera.fotos\/VisitaDeEmmaYMariaJunio2009?authkey=Gv1sRgCKLgy6fkpt_PVQ&amp;feat=embedwebsite\"><img loading=\"lazy\" decoding=\"async\" style=\"MARGIN: 1px 0px 0px 4px\" height=\"160\" src=\"http:\/\/lh4.ggpht.com\/_lqhnsaIUuTQ\/SlCytj2-O1E\/AAAAAAAABN0\/tRe2B-2Wg24\/s160-c\/VisitaDeEmmaYMariaJunio2009.jpg\" width=\"160\" \/><\/a><\/td>\n<\/tr>\n<tr>\n<td style=\"FONT-SIZE: 11px; FONT-FAMILY: arial,sans-serif; TEXT-ALIGN: center\"><a style=\"FONT-WEIGHT: bold; COLOR: #4d4d4d; TEXT-DECORATION: none\" href=\"http:\/\/picasaweb.google.ch\/lapecera.fotos\/VisitaDeEmmaYMariaJunio2009?authkey=Gv1sRgCKLgy6fkpt_PVQ&amp;feat=embedwebsite\">Visita de Emma y Mar\u00eda, junio 2009<\/a><\/td>\n<\/tr>\n<\/tbody>\n<\/table>\n<p>Y las fotos del Wanderung al Creux-du-van en el cant\u00f3n Neuch\u00e2tel con Mar\u00eda y Mathias \ud83d\ude42<\/p>\n<table style=\"WIDTH: 194px\">\n<tbody>\n<tr>\n<td style=\"BACKGROUND: url(http:\/\/picasaweb.google.ch\/s\/c\/transparent_album_background.gif) no-repeat left 50%; HEIGHT: 194px\" align=\"middle\"><a href=\"http:\/\/picasaweb.google.ch\/papalbina\/CreuxDuVan4709?feat=embedwebsite\"><img loading=\"lazy\" decoding=\"async\" style=\"MARGIN: 1px 0px 0px 4px\" height=\"160\" src=\"http:\/\/lh3.ggpht.com\/_2uDTILBwScc\/SlC0SohNZNE\/AAAAAAAAHUU\/Fc-fkBIcTnA\/s160-c\/CreuxDuVan4709.jpg\" width=\"160\" \/><\/a><\/td>\n<\/tr>\n<tr>\n<td style=\"FONT-SIZE: 11px; FONT-FAMILY: arial,sans-serif; TEXT-ALIGN: center\"><a style=\"FONT-WEIGHT: bold; COLOR: #4d4d4d; TEXT-DECORATION: none\" href=\"http:\/\/picasaweb.google.ch\/papalbina\/CreuxDuVan4709?feat=embedwebsite\">Creux-du-van, 4.7.09<\/a><\/td>\n<\/tr>\n<\/tbody>\n<\/table>\n<p>Ma\u00f1ana nos vamos a donde Cristo perdi\u00f3 la zapatilla (aka Cimalmotto) a pasar tres noches entre cabras y monta\u00f1as, luego nos vamos cuatro d\u00edas de acampada a disfrutar del Grisons y del Parque Nacional de la Svizra y despu\u00e9s de volver a casa para lavar ropa, nos vamos a los Madriles para el fin de semana de la boda de los Silvi@s&#8230; Creo que cuando vuelva, necesitar\u00e9 vacaciones para descansar de las vacaciones v.v<br \/>En fin&#8230;<\/p>\n<p>A los que vayan a estar en Madrid el 18 de julio: <strong>la kedada con la papal es en el Starbuck de Alcal\u00e1 21 a partir de las 13h30<\/strong> \ud83d\ude42 Espero ser capaz de encontrarlo xDD (si no, me encontrar\u00e9is en La Mallorquina zamp\u00e1ndome una tarta xD).<\/p>\n<p>Hala, y os dejo, me voy a comer que hoy tengo el d\u00eda apretado como una salchicha frankfurt, oye v.v<\/p>\n<p>Con esto y un bizcocho&#8230; Besos<br \/>Cris<\/p>\n<p>PS: La cita del post viene a cuento de que Emma volvi\u00f3 de <em>D\u00e1blin<\/em> medio habl\u00e1ndonos en ingl\u00e9s&#8230; por suerte estuvo solo dos semanas&#8230; tres meses y se le olvida el espa\u00f1ol, jez\u00fa xDDD<\/p>\n","protected":false},"excerpt":{"rendered":"<p>Excuse me, polizonte. I am a little perdida, can you ense\u00f1arme the good camino? Llevo dos semanas intentando sacar tiempo para ponerme y contaros sobre el fin de semana de las ni\u00f1as aqu\u00ed, y tambi\u00e9n del pasado fin de semana que estuvieron mis M&amp;M favoritos por estos lares, pero no llego v.v As\u00ed que os [&hellip;]<\/p>\n","protected":false},"author":3,"featured_media":0,"comment_status":"open","ping_status":"closed","sticky":false,"template":"","format":"standard","meta":{"footnotes":""},"categories":[],"tags":[],"class_list":["post-289","post","type-post","status-publish","format-standard","hentry"],"_links":{"self":[{"href":"https:\/\/blog.lapecera.ch\/index.php?rest_route=\/wp\/v2\/posts\/289","targetHints":{"allow":["GET"]}}],"collection":[{"href":"https:\/\/blog.lapecera.ch\/index.php?rest_route=\/wp\/v2\/posts"}],"about":[{"href":"https:\/\/blog.lapecera.ch\/index.php?rest_route=\/wp\/v2\/types\/post"}],"author":[{"embeddable":true,"href":"https:\/\/blog.lapecera.ch\/index.php?rest_route=\/wp\/v2\/users\/3"}],"replies":[{"embeddable":true,"href":"https:\/\/blog.lapecera.ch\/index.php?rest_route=%2Fwp%2Fv2%2Fcomments&post=289"}],"version-history":[{"count":0,"href":"https:\/\/blog.lapecera.ch\/index.php?rest_route=\/wp\/v2\/posts\/289\/revisions"}],"wp:attachment":[{"href":"https:\/\/blog.lapecera.ch\/index.php?rest_route=%2Fwp%2Fv2%2Fmedia&parent=289"}],"wp:term":[{"taxonomy":"category","embeddable":true,"href":"https:\/\/blog.lapecera.ch\/index.php?rest_route=%2Fwp%2Fv2%2Fcategories&post=289"},{"taxonomy":"post_tag","embeddable":true,"href":"https:\/\/blog.lapecera.ch\/index.php?rest_route=%2Fwp%2Fv2%2Ftags&post=289"}],"curies":[{"name":"wp","href":"https:\/\/api.w.org\/{rel}","templated":true}]}}