{"id":287,"date":"2009-06-24T13:55:00","date_gmt":"2009-06-24T11:55:00","guid":{"rendered":"http:\/\/lapecera.ch\/?p=287"},"modified":"2009-06-24T13:55:00","modified_gmt":"2009-06-24T11:55:00","slug":"pelud","status":"publish","type":"post","link":"https:\/\/blog.lapecera.ch\/?p=287","title":{"rendered":"Pelud@"},"content":{"rendered":"<p><img decoding=\"async\" style=\"BORDER-RIGHT: #c83e22 1px solid; BORDER-TOP: #c83e22 1px solid; DISPLAY: block; MARGIN: 0px auto 10px; BORDER-LEFT: #c83e22 1px solid; BORDER-BOTTOM: #c83e22 1px solid\" alt=\"\" src=\"http:\/\/www.lapecera.ch\/uploaded_images\/090616-795137.gif\" border=\"0\" \/><\/p>\n<blockquote><p>Imagination is the beginning of creation. You imagine what you desire, you will what you imagine and at last you create what you will.<br \/><span style=\"font-size:85%;\">George Bernard Shaw (1856 &#8211; 1950)<\/span><\/p><\/blockquote>\n<p>Tengo un dilema total, estoy totalmente indecisa: no s\u00e9 qu\u00e9 hacerme en el pelo. Actualmente tengo dos ideas: la opci\u00f3n conservadora y menos arriesgada es cortarme el pelo en una media melena corta con flequillo, pero no acaba de convencerme porque no me gusta del todo como me queda el pelo as\u00ed. La opc\u00ed\u00f3n m\u00e1s arriesgada y radical es un corte de pelo a lo <a href=\"http:\/\/www.peinados.ws\/wp-content\/uploads\/2009\/02\/peinadospelocorto1-246x300.jpg\" target=\"_blank\">Rihanna<\/a> o como <a href=\"http:\/\/www.hairfinder.com\/haircollections\/hairstyles23.jpg\" target=\"_blank\">\u00e9ste<\/a>, aunque la opci\u00f3n <a href=\"http:\/\/img.trendencias.com\/2008\/11\/102008_beckham_400x400.jpg\" target=\"_blank\">Victoria Beckham<\/a> tambi\u00e9n es posible. Lo peor de todo es que me gusta mucho tener el pelo largo, pero me cuesta demasiado trabajo mantenerlo y estoy perdiendo la paciencia: es lo que tiene tener el pelo graso v.v<\/p>\n<p>\u00bfQu\u00e9 opin\u00e1is vosotros? HILFE!!!<\/p>\n<p>Me voy a buscar una Coca-Cola, a ver si despierto zzzZzzzzzzzzZZZZzzZzz<\/p>\n<p>Con esto y un bizcocho&#8230; Besos<br \/>Cris<\/p>\n<p>PS: Por cierto, los zapatos est\u00e1n comprados y son los mismos que en la foto que pus\u00e9 por ah\u00ed pabajo xDD<\/p>\n","protected":false},"excerpt":{"rendered":"<p>Imagination is the beginning of creation. You imagine what you desire, you will what you imagine and at last you create what you will.George Bernard Shaw (1856 &#8211; 1950) Tengo un dilema total, estoy totalmente indecisa: no s\u00e9 qu\u00e9 hacerme en el pelo. Actualmente tengo dos ideas: la opci\u00f3n conservadora y menos arriesgada es cortarme [&hellip;]<\/p>\n","protected":false},"author":3,"featured_media":0,"comment_status":"open","ping_status":"closed","sticky":false,"template":"","format":"standard","meta":{"footnotes":""},"categories":[],"tags":[],"class_list":["post-287","post","type-post","status-publish","format-standard","hentry"],"_links":{"self":[{"href":"https:\/\/blog.lapecera.ch\/index.php?rest_route=\/wp\/v2\/posts\/287","targetHints":{"allow":["GET"]}}],"collection":[{"href":"https:\/\/blog.lapecera.ch\/index.php?rest_route=\/wp\/v2\/posts"}],"about":[{"href":"https:\/\/blog.lapecera.ch\/index.php?rest_route=\/wp\/v2\/types\/post"}],"author":[{"embeddable":true,"href":"https:\/\/blog.lapecera.ch\/index.php?rest_route=\/wp\/v2\/users\/3"}],"replies":[{"embeddable":true,"href":"https:\/\/blog.lapecera.ch\/index.php?rest_route=%2Fwp%2Fv2%2Fcomments&post=287"}],"version-history":[{"count":0,"href":"https:\/\/blog.lapecera.ch\/index.php?rest_route=\/wp\/v2\/posts\/287\/revisions"}],"wp:attachment":[{"href":"https:\/\/blog.lapecera.ch\/index.php?rest_route=%2Fwp%2Fv2%2Fmedia&parent=287"}],"wp:term":[{"taxonomy":"category","embeddable":true,"href":"https:\/\/blog.lapecera.ch\/index.php?rest_route=%2Fwp%2Fv2%2Fcategories&post=287"},{"taxonomy":"post_tag","embeddable":true,"href":"https:\/\/blog.lapecera.ch\/index.php?rest_route=%2Fwp%2Fv2%2Ftags&post=287"}],"curies":[{"name":"wp","href":"https:\/\/api.w.org\/{rel}","templated":true}]}}