{"id":286,"date":"2009-06-19T12:21:00","date_gmt":"2009-06-19T10:21:00","guid":{"rendered":"http:\/\/lapecera.ch\/?p=286"},"modified":"2009-06-19T12:21:00","modified_gmt":"2009-06-19T10:21:00","slug":"los-escarabajos-vuelan-al-atardecer","status":"publish","type":"post","link":"https:\/\/blog.lapecera.ch\/?p=286","title":{"rendered":"Los escarabajos vuelan al atardecer"},"content":{"rendered":"<p>Me pregunto si Maria Gripe sac\u00f3 el t\u00edtulo de los escarabajos de junio que invadieron la fiesta el s\u00e1bado a la puesta del sol xDD<\/p>\n<p>En fin, despu\u00e9s de suscitar ayer un peque\u00f1o revuelo en el feisbuk por escribir la palabra &#8220;boda&#8221; sin conectarla correctamente con los Silvi@s, me he hecho una nota mental para futuras actualizaciones de estatus en el engendro ese: &#8220;No seas espec\u00edfico, qu\u00e9date en lo abstracto y te ahorrar\u00e1s neuronas&#8221;&#8230; La idea de una boda como la de Silvie, mi compa\u00f1era de trabajo (ella, su marido y su hijo solos en una playa tailandesa firmando papeles en thai y sin saber si la cosa funcionar\u00e1 xD) me seduce un mont\u00f3n. Y luego montar una fiesta de frikis como ellos: un tour de dos d\u00eda a la Keschh\u00fctte en Graub\u00fcnden\u2026 \u00a1Jo, qu\u00e9 ganas tengo de ir! L\u00e1stima que todav\u00eda haya que esperar hasta septiembre xD <\/p>\n<p><a href=\"http:\/\/picasaweb.google.com\/lapecera.fotos\/HouseWarmingPartyInOlten13609?authkey=Gv1sRgCNiPwt_H1ZmU8wE#\" target=\"_blank\"><img decoding=\"async\" style=\"float:right; margin:0 0 10px 10px;cursor:pointer; cursor:hand;width: 160px; height: 200px;\" src=\"http:\/\/www.lapecera.ch\/uploaded_images\/House-Warming-Party,_13.6-715757.jpg\" border=\"0\" alt=\"\" \/><\/a>Bueno, dicen que m\u00e1s vale tarde que nunca, as\u00ed que si bien tarde, vengo a contaros algo sobre la fiesta del s\u00e1bado&#8230; \u00a1pa que ve\u00e1is! Silvie fue una de las invitadas, tambi\u00e9n mis compa\u00f1eros de trabajo (Dirk y su mujer trajeron un <em>Butterzopf <\/em>que estaba de muerte *\u00ac*), excepto Pierre, con sus ni\u00f1os. De mi <em>Lunchgruppe <\/em>s\u00f3lo vino Caroline (y Silvie, claro) porque Oskar ten\u00eda fiesta preparada en casa para el cumplea\u00f1os de su mujer, Ashwini est\u00e1 en la India, Stefan estaba de vacaciones y Lobsang no quiso venir porque pensaba que sus hijos iban a molestar a los invitados, aunque intentamos convencerle de lo contrario; claro que cuando vio las fotos, alucin\u00f3 porque hab\u00eda un mont\u00f3n de guajes corriendo por el prao xD Migge y Ralph no pudieron venir, pero estuvieron los Hunn y la banda de Allschwil (o sea, Silvi@s, Puglieses y Hubis xD). Tambi\u00e9n vino gente que llev\u00e1bamos un mont\u00f3n de tiempo sin ver, como Theo, las hermanas Kilchenmann, Natalia o Samantha y Herv\u00e9. Y de la familia vinieron todos, incluida la pol\u00edtica de los V\u00f6gelis xDD Lo \u00fanico que sent\u00ed es que no tuve tiempo suficiente para charlar con todos.<\/p>\n<p>A las 6, m\u00e1s o menos, &#8220;servimos&#8221; la comida: tailandesa, cocinada por Ta, en mi propia cocina\u2026 Fue una pasada verla a ella y su prima, Ding, trabajando. \u00a1Vaya dos m\u00e1quinas! O___O Estaba todo de muerte, especialmente, los rollitos de primavera, que fueron los protagonistas del d\u00eda *\u00ac* Pero, vamos, el curry y el arroz tambi\u00e9n estaban buen\u00edsimos\u2026 Y el <em>bowle <\/em>sin alcohol que prepar\u00f3 Margrit estaba buen\u00edsimo. Fue el hit entre los ni\u00f1os xDD<\/p>\n<p>En total, con ni\u00f1os incluidos, tuvimos 51 invitados. Curiosamente durante la tarde cuando se marchaban unos, llegaban otros para tomar el relevo xDD As\u00ed que nuestro prao estuvo lleno de gente hasta entrada la noche. Uno de los mejores momentos: como digo arriba los escarabajos de junio que a eso de las 8 de la noche antes de ponerse el sol, se levantaron cual plaga e invadieron la fiesta. La pena es no tener una foto de Silvia saltando como una loca espantando los bichos con una servilleta de papel, mientras el resto de la gente estaba sentada conversando entretenida ignorando por completo a los zumbantes visitantes\u2026 \u00a1Pa haberlo grabao, en serio! Otro momento brillante: Theo, Samantha y yo hablando del iPhone y yo, toda chula, digo que no es un tel\u00e9fono muy pr\u00e1ctico en invierno porque para poder responder a una llamada tienes que quitarte los <em>Handshoes <\/em>(en vez de <em>gloves <\/em>yo hice una traducci\u00f3n literal de <em>Handschuhe <\/em>y no es la primera vez que me pasa xD) con el consiguiente descojone de Samantha: &#8220;Of course, you cannot answer the phone because I have shoes in my hands&#8221;, y Theo sigui\u00e9ndole el rollo. A ver, si as\u00ed aprendo y me dejo el alem\u00e1n en casa cuando hablo ingl\u00e9s, cagun xDDD<\/p>\n<p>En fin, la fiesta estuvo genial y lo pas\u00e9 genial tirando fotos a diestro y siniestro\u2026 Las fotos las encontrar\u00e9is haciendo click sobre el collage o en la secci\u00f3n &#8220;Acontecimientos Ins\u00f3litos&#8221; del \u00c1lbum de fotos de la web. El link va a parar al mismo sitio xDD<\/p>\n<p>Esta semana ha pasado tranquila, sin mucho trabajo\u2026 Anteayer estuve en Z\u00fcrich-Oerlikon comprando el equipo de escalada, aunque no s\u00e9 cu\u00e1ndo ni a d\u00f3nde voy a ir yo a escalar (las pr\u00f3ximas citas del SAC Olten me vienen fatal y me he dao cuenta hoy v.v); ayer tuve clase de canto, donde hemos empezado a preparar &#8220;The girl from Ipanema&#8221;\u2026 Hoy me toca ir a comprarme unos zapatos para la boda que ahora que hemos recordao c\u00f3mo se baila el cha-cha-ch\u00e1 (con &#8220;Colgado en tus manos&#8221;, por cierto), tengo ganas de bailar xDDD<\/p>\n<p>Y ahora me voy a comer y a ver qu\u00e9 se ha hecho Caroline en el pelo\u2026 Eso es otro punto pendiente de mi lista: ir a la peluquer\u00eda, lo que no s\u00e9 es si quiero cortarme el pelo en media melena con flequillo o volver al pelo corto tipo chico pero a lo chica xDD \u00bfQu\u00e9 me recomend\u00e1is? \u00bfAlguna idea?<\/p>\n<p>Con esto y un bizcocho\u2026 Besos<br \/>Cris<\/p>\n<p>PS: He estado remodelando la secci\u00f3n de fotos de la web. He subido casi todas las fotos a Picasa y entre ellas est\u00e1n las de las cenas internacionales que organizo cuando estoy en Oviedo&#8230; Para los curiosos, vamos xDD<\/p>\n","protected":false},"excerpt":{"rendered":"<p>Me pregunto si Maria Gripe sac\u00f3 el t\u00edtulo de los escarabajos de junio que invadieron la fiesta el s\u00e1bado a la puesta del sol xDD En fin, despu\u00e9s de suscitar ayer un peque\u00f1o revuelo en el feisbuk por escribir la palabra &#8220;boda&#8221; sin conectarla correctamente con los Silvi@s, me he hecho una nota mental para [&hellip;]<\/p>\n","protected":false},"author":3,"featured_media":0,"comment_status":"open","ping_status":"closed","sticky":false,"template":"","format":"standard","meta":{"footnotes":""},"categories":[],"tags":[],"class_list":["post-286","post","type-post","status-publish","format-standard","hentry"],"_links":{"self":[{"href":"https:\/\/blog.lapecera.ch\/index.php?rest_route=\/wp\/v2\/posts\/286","targetHints":{"allow":["GET"]}}],"collection":[{"href":"https:\/\/blog.lapecera.ch\/index.php?rest_route=\/wp\/v2\/posts"}],"about":[{"href":"https:\/\/blog.lapecera.ch\/index.php?rest_route=\/wp\/v2\/types\/post"}],"author":[{"embeddable":true,"href":"https:\/\/blog.lapecera.ch\/index.php?rest_route=\/wp\/v2\/users\/3"}],"replies":[{"embeddable":true,"href":"https:\/\/blog.lapecera.ch\/index.php?rest_route=%2Fwp%2Fv2%2Fcomments&post=286"}],"version-history":[{"count":0,"href":"https:\/\/blog.lapecera.ch\/index.php?rest_route=\/wp\/v2\/posts\/286\/revisions"}],"wp:attachment":[{"href":"https:\/\/blog.lapecera.ch\/index.php?rest_route=%2Fwp%2Fv2%2Fmedia&parent=286"}],"wp:term":[{"taxonomy":"category","embeddable":true,"href":"https:\/\/blog.lapecera.ch\/index.php?rest_route=%2Fwp%2Fv2%2Fcategories&post=286"},{"taxonomy":"post_tag","embeddable":true,"href":"https:\/\/blog.lapecera.ch\/index.php?rest_route=%2Fwp%2Fv2%2Ftags&post=286"}],"curies":[{"name":"wp","href":"https:\/\/api.w.org\/{rel}","templated":true}]}}