{"id":284,"date":"2009-06-11T11:21:00","date_gmt":"2009-06-11T09:21:00","guid":{"rendered":"http:\/\/lapecera.ch\/?p=284"},"modified":"2009-06-11T11:21:00","modified_gmt":"2009-06-11T09:21:00","slug":"wir-sind-alle-eisenbahner","status":"publish","type":"post","link":"https:\/\/blog.lapecera.ch\/?p=284","title":{"rendered":"Wir sind alle Eisenbahner"},"content":{"rendered":"<p>La verdad es que no recuerdo qu\u00e9 era lo que quer\u00eda contar con exactitud, pero ten\u00eda que ver con la visita guiada a la ciudad de Olten que tuvimos el lunes donde descubrimos hechos historicos y curiosidades de lo m\u00e1s interesante sobre el pueblecillo donde vivimos, as\u00ed que contar\u00e9 lo que se me vaya ocurriendo xDD La ciudad de Olten est\u00e1 tan contenta de aumentar su n\u00famero de habitantes que invita a los nuevos inscritos en el registro a una visita guiada y despu\u00e9s a un aperitivo donde el mismo alcalde da la bienvenida en todas las lenguas presentes (aunque la &#8220;j&#8221; espa\u00f1ola se le atragantase xD)&#8230; <\/p>\n<p><a href=\"http:\/\/www.lapecera.ch\/uploaded_images\/Picswiss_SO-18-35-733347.jpg\" rel=\"example3\"><img decoding=\"async\" style=\"float:right; margin:0 0 10px 10px;cursor:pointer; cursor:hand;width: 200px; height: 134px;\" src=\"http:\/\/www.lapecera.ch\/uploaded_images\/Picswiss_SO-18-35-733325.jpg\" border=\"0\" alt=\"\" \/><\/a>Para la visita nos dividieron en tres grupos (eramos unas 100 personas) y a Chris y a m\u00ed nos toc\u00f3 ir con el <em>Stadtarchivar<\/em>, que viene a ser como el antiguo escribano o el bibliotecario en la corte de los reyes pero en los tiempos modernos xD El hombre, del que no recuerdo ahora mismo el nombre completo, hab\u00eda sido profesor y deb\u00eda de ser bueno, porque lo pasamos pipa con sus explicaciones. <\/p>\n<p>As\u00ed nos enteramos que durante la Edad Media Olten pertenec\u00eda al Obispo de Basel y el blas\u00f3n de la ciudad (porque ya en aquella \u00e9poca ten\u00eda condici\u00f3n de ciudad y no respond\u00eda a ning\u00fan se\u00f1or feudal, sino que se gobernaba a s\u00ed misma) representaba el bast\u00f3n del obispo como los blasones actuales de Basilea-Campo y Basilea-Ciudad. La mala suerte y dos fuegos que arrasaron la ciudad en un intervalo de 10 a\u00f1os acabaron con la paciencia del Obispo y su inter\u00e9s en Olten y la vendieron al mejor postor: en aquel momento, Solothurn, o mejor dicho, Soleura que estaban en plena actitud consumista. Soleura era una ciudad como Olten, pero ten\u00eda al mismo tiempo estatus de cant\u00f3n (o eso entend\u00ed) y como due\u00f1a y se\u00f1ora de Olten decidi\u00f3 ejercer su poder sobre ella, cosa a la que los Oltenenses (fO.o) no estaban acostumbrados y no recibieron con agrado&#8230; Y por eso, se ganaron la fama de revolucionarios y se dedicaron a tocar los c****** de su due\u00f1a todo lo que pudieron, hasta que se les castig\u00f3 despu\u00e9s de su participaci\u00f3n velada en la guerra de los agricultores (Bauernkrieg) a mandar sus privilegios de ciudad y el sello oficial a Soleura reduci\u00e9ndola a la categor\u00eda de pueblo (como si no lo fuera ya, vamos xD)&#8230; \u00a1\u00a1Eso explica mucha de la piquilla que hay entre Olten y Solothurn!! xDD <\/p>\n<p>Otra de las cosas divertidas que nos cont\u00f3 el se\u00f1or <em>Archivar<\/em> de Olten es que el puente antiguo era una de las principales v\u00edas de comunicaci\u00f3n y una de las principales fuentes de ingresos para Olten. Durante la invasi\u00f3n de las tropas francesas en la \u00e9poca de Napole\u00f3n, los de Berna atrincherados al otro lado del Aare al lado del puente lo hab\u00edan preparado todo para quemarlo y as\u00ed frenar el avance del enemigo&#8230; pero los de Olten viendo peligrar su futuro con la p\u00e9rdida del puente se liaron a tiros con los Berneses, aunque esto no sirvi\u00f3 de nada y acabaron quemando el puente xDD Al final, los franceses acabaron con la resistencia bernesa y entraron en la ciudad donde los Olteneses les esperaban con los brazos abiertos xDDD Parece ser que luego el puente fue reconstruido por los franceses, pero esto me lo cont\u00f3 Christoph y no el <em>Stadtarchivar<\/em> as\u00ed que no s\u00e9 si cre\u00e9rmelo&#8230;<\/p>\n<p><img decoding=\"async\" style=\"float:left; margin:0 10px 10px 0;cursor:pointer; cursor:hand;width: 200px; height: 182px;\" src=\"http:\/\/www.lapecera.ch\/uploaded_images\/zapato-798327.jpg\" border=\"0\" alt=\"\" \/>Y por \u00faltimo, en la plataforma 12 de la estaci\u00f3n de trenes de Olten se encuentra el Kil\u00f3metro 0 de las redes ferroviarias suizas. Actualmente no tiene ningun significado, pero en el siglo XIX era un hecho de importancia relevante y convert\u00eda a la ciudad en un punto importante. Y \u00bfpor qu\u00e9 se empez\u00f3 a contar la red de v\u00edas de tren desde Olten? Pues puede que fuera por razones estrat\u00e9gicas, pero el hecho de que el presidente de la compa\u00f1\u00eda central de trenes de aquella \u00e9poca y el presidente de la Confederaci\u00f3n Helv\u00e9tica fuesen ambos de Olten seguro que ayudar\u00eda xDD Aparte, el Restaurante de la estaci\u00f3n ha sido t\u00e9stigo de la creaci\u00f3n de algunas de las asociaciones m\u00e1s importantes de Suiza como el <a href=\"http:\/\/www.sac-cas.ch\/\" target=\"_blank\">SAC<\/a>, el <a href=\"http:\/\/en.wikipedia.org\/wiki\/Gruppe_Olten\"><em>Gruppe Olten<\/em><\/a> o la <a href=\"http:\/\/es.wikipedia.org\/wiki\/Asociaci%C3%B3n_Suiza_de_F%C3%BAtbol\" target=\"_blank\">Asociaci\u00f3n Suiza de F\u00fatbol<\/a> (el f\u00fatbol siempre es importante).<\/p>\n<p>Y na, despu\u00e9s de esta peque\u00f1a lecci\u00f3n de historia suiza, volvemos a lo mundano: Ma\u00f1ana voy a buscar mi vestido para la boda de los Silvi@s (s\u00ed, el de t\u00eda buena o el Eva Longoria, como prefir\u00e1is) que lo tengo en el sastre para arreglarlo y la semana que viene me pasar\u00e9 por una tienda super cutre de Z\u00fcrich donde venden unos zapatos de baile que, adem\u00e1s de hipermegac\u00f3modos, son muy bonitos *___*<\/p>\n<p>Este fin de semana es nuestra House-Warming-Party con aproximadamente 60 invitados. Cruzad los dedos por m\u00ed para que todo salga bien, haga muy buen tiempo y podamos estar fuera, que si no, andaremos un poco justo de espacio&#8230; Ya os contar\u00e9 qu\u00e9 sale de todo esto&#8230; Entre tanto, voy a seguir con los tests y los documentos y todo eso que tengo que hacer para ganarme el pan nuestro de cada d\u00eda \ud83d\ude42<\/p>\n<p>Con esto y un bizcocho&#8230; Besos<br \/>Cris<\/p>\n","protected":false},"excerpt":{"rendered":"<p>La verdad es que no recuerdo qu\u00e9 era lo que quer\u00eda contar con exactitud, pero ten\u00eda que ver con la visita guiada a la ciudad de Olten que tuvimos el lunes donde descubrimos hechos historicos y curiosidades de lo m\u00e1s interesante sobre el pueblecillo donde vivimos, as\u00ed que contar\u00e9 lo que se me vaya ocurriendo [&hellip;]<\/p>\n","protected":false},"author":3,"featured_media":0,"comment_status":"open","ping_status":"closed","sticky":false,"template":"","format":"standard","meta":{"footnotes":""},"categories":[],"tags":[],"class_list":["post-284","post","type-post","status-publish","format-standard","hentry"],"_links":{"self":[{"href":"https:\/\/blog.lapecera.ch\/index.php?rest_route=\/wp\/v2\/posts\/284","targetHints":{"allow":["GET"]}}],"collection":[{"href":"https:\/\/blog.lapecera.ch\/index.php?rest_route=\/wp\/v2\/posts"}],"about":[{"href":"https:\/\/blog.lapecera.ch\/index.php?rest_route=\/wp\/v2\/types\/post"}],"author":[{"embeddable":true,"href":"https:\/\/blog.lapecera.ch\/index.php?rest_route=\/wp\/v2\/users\/3"}],"replies":[{"embeddable":true,"href":"https:\/\/blog.lapecera.ch\/index.php?rest_route=%2Fwp%2Fv2%2Fcomments&post=284"}],"version-history":[{"count":0,"href":"https:\/\/blog.lapecera.ch\/index.php?rest_route=\/wp\/v2\/posts\/284\/revisions"}],"wp:attachment":[{"href":"https:\/\/blog.lapecera.ch\/index.php?rest_route=%2Fwp%2Fv2%2Fmedia&parent=284"}],"wp:term":[{"taxonomy":"category","embeddable":true,"href":"https:\/\/blog.lapecera.ch\/index.php?rest_route=%2Fwp%2Fv2%2Fcategories&post=284"},{"taxonomy":"post_tag","embeddable":true,"href":"https:\/\/blog.lapecera.ch\/index.php?rest_route=%2Fwp%2Fv2%2Ftags&post=284"}],"curies":[{"name":"wp","href":"https:\/\/api.w.org\/{rel}","templated":true}]}}