{"id":283,"date":"2009-06-08T12:16:00","date_gmt":"2009-06-08T10:16:00","guid":{"rendered":"http:\/\/lapecera.ch\/?p=283"},"modified":"2009-06-08T12:16:00","modified_gmt":"2009-06-08T10:16:00","slug":"warning-climbing-is-dangerous","status":"publish","type":"post","link":"https:\/\/blog.lapecera.ch\/?p=283","title":{"rendered":"Warning: climbing is dangerous&#8230;"},"content":{"rendered":"<p>Pos s\u00ed, &#8220;climbing is dangerous&#8221; dicen las etiquetas de cualquier pieza de equipamiento para escalada de la marca Black Diamond. Lo descubrimos el s\u00e1bado por la noche durante la cena cuando el tutor del curso nos ense\u00f1\u00f3 el material que se utiliza para practicar ese deporte.<\/p>\n<p>No s\u00e9 si lo hab\u00eda comentado ya, pero este fin de semana he estado haciendo un curso de escalada en <a href=\"http:\/\/es.wikipedia.org\/wiki\/Meiringen\" target=\"_blank\">Meiringen<\/a> organizado por el SAC central. Silvie muy amablemente me dej\u00f3 todo el equipo (del que s\u00f3lo conozco el nombre en alem\u00e1n, cag\u00fcn too), hasta la cuerda, pero como esta era muy pesada, decid\u00ed dejarla en casa y avisar al tutor. <\/p>\n<p><a href=\"http:\/\/www.lapecera.ch\/uploaded_images\/IMG_4216-798534.jpg\" rel=\"example3\"><img decoding=\"async\" style=\"float:left; margin:0 10px 10px 0;cursor:pointer; cursor:hand;width: 200px; height: 150px;\" src=\"http:\/\/www.lapecera.ch\/uploaded_images\/IMG_4216-798530.jpg\" border=\"0\" alt=\"\" \/><\/a>En el curso eramos diez: ocho mujeres y dos hombres, m\u00e1s los Uelis, o sea, el tutor y el gu\u00eda que nos dieron el curso. Ambos se llamaban Ueli, lo cual era tan pr\u00e1ctico como que tu novio se llame Chris, vamos, llamas a uno y contestan los dos xDD La gente era muy maja. Nathalie, que es italiana, pero trabaja en Sion, iba al curso con un nivel de alem\u00e1n tirando a bajo y entre el franc\u00e9s, el aleman y el espa\u00f1ol nos entendimos como pudimos xDD La verdad es para ser un curso de iniciaci\u00f3n para escaladores novatos y sin ninguna experiencia vivimos de todo un poco&#8230;<\/p>\n<p>El s\u00e1bado cuando llegamos a Meiringen llov\u00eda a cantaros, as\u00ed que tuvimos que ir al <em>Kletterhalle<\/em> (hmm, \u00bfroc\u00f3dromo?), donde despu\u00e9s de aprender un nudo de ocho (Achterknoten) y a atarme en el arn\u00e9s, estuve haciendo un poco de boulder para calentar en la pared de los ni\u00f1os xDD Luego en toprope aprendimos a asegurar y a escalar por la pared&#8230; Yo s\u00f3lo consegu\u00ed subir hasta la mitad de las paredes, luego me estresaba porque no encontraba el camino y ped\u00eda que me bajaran (<em>abseilen<\/em>). Por la tarde no volv\u00ed a subir y me dediqu\u00e9 principalmente a asegurar (<em>sichern<\/em>). Haciendo esto tuve un peque\u00f1o roce con la que al d\u00eda siguiente ser\u00eda mi compa\u00f1era de escalada, mira t\u00fa, todo porque resbal\u00f3 y se cay\u00f3 y tir\u00f3 de m\u00ed. Aunque yo ten\u00eda la cuerda asegurada, tir\u00f3 de m\u00ed hacia la pared, as\u00ed que la hice bajar un buen cacho. Luego intent\u00f3 de nuevo subir, pero no lo consigui\u00f3&#8230; o perdi\u00f3 las ganas, \u00bfqui\u00e9n sabe? En general, al acabar el s\u00e1bado en el Halle me qued\u00f3 la impresi\u00f3n de que esto de la escalada no era para m\u00ed, que no merec\u00eda la pena invertir los mil francos de equipo en un deporte as\u00ed&#8230; Aparte de que las miradas arrogantes del resto de escaladores experimentados que estaban en el Halle, me tocaron bastante lo que no tengo y me daban ganas de pegarle un par de ostias a ver si espabilaban (sobre todo, a las dos tipas que eran super buenas, ah\u00ed escalando con movimientos de gato y agilidad de ara\u00f1a, poniendo la pata patr\u00e1s, haciendo casi espagales y la madrequemepari\u00f3, pero que ni &#8220;hola&#8221; dijeron cuando llegaron). As\u00ed no mola practicar un deporte&#8230;<\/p>\n<p>Pero el domingo todo cambi\u00f3: despues de un sabado lluvioso, el sol nos recibi\u00f3 con un cielo azul claro salpicado de un par de nubes, lo cual nos permiti\u00f3 ir a escalar a la pared, afuera a cielo abierto, a meter los dedos por sabe dios donde y encontrarse cosas muy asquerosas (lo digo por experiencia), a estresarse con los <em>Express <\/em>(\u00bfextensiones o algo as\u00ed?), la cuerda, el <em>Bandschlinge<\/em> para bajar, las carabinas y etc, etc, a mojarse un poquito cuando le dio por caer un chaparr\u00f3n&#8230; Un d\u00eda entero en la pared da pa mucho, as\u00ed que tuvimos una ca\u00edda (sin consecuencias, que aqu\u00ed la menda reaccion\u00f3 de p*** madre, instintivamente y sin casi darse cuenta, pero reaccion\u00f3), un ataque de p\u00e1nico a 15 metros de altura (Nathalie y el <em>Bandschlinge<\/em> que era demasiado largo) y su correspondiente partida de rescate (Wolfgang que estaba en la ruta de al lado subi\u00f3 a ayudarla), ca\u00edda de piedras, un par de chaparrones (para tener el feeling de c\u00f3mo se escala cuando todo est\u00e1 resbaladizo), bichos a mil, u\u00f1as negras como el carb\u00f3n y muchas, muchas risas&#8230;<\/p>\n<p>Fue un d\u00eda completito: aqu\u00ed la menda subi\u00f3 s\u00f3lo tres veces, en comparaci\u00f3n con el resto que subieron de cinco a ocho veces, pero estoy muy contenta, porque lo prob\u00e9 todo xDD Subir es <i>Vorstieg<\/i> (poniendo los <em>Express<\/em>), un 3b, facilillo) y en Toprope (cuando dejan una cuerda colgando de arriba y puedes subir sin preocuparte de los <em>Express<\/em>), dos 4b. En el primer 4b me pas\u00e9 mis buenos 5 a 10 minutos buscando un punto por donde seguir porque no sab\u00eda c\u00f3mo o d\u00f3nde poner el pie o la mano, \u00a1qu\u00e9 stress, por dios!, el otro lo sub\u00ed en dos o tres minutos, pero claro iban tirando de m\u00ed porque no quer\u00eda subir y me obligaron a hacerlo para probar el <em>rappel<\/em> (o sea, la bajada) con <em>Prusikschlinge<\/em> (es un tipo de nudo, creo) y <em>Tube<\/em> (un aparatejo para asegurar y tambi\u00e9n para bajar cuando no tienes qui\u00e9n lo haga por t\u00ed). El Rappel, por cierto, mola un g\u00fcevo *____*<\/p>\n<p>En general, me llev\u00e9 una grata impresi\u00f3n del curso, la gente que particip\u00f3 y del deporte en s\u00ed (pero s\u00f3lo al aire libre, en el Halle me agobia \u00f3.\u00f2), espero poder ir pronto al <em>Mittwochsklettern<\/em> del SAC Olten ^___^ Pr\u00f3xima adquisici\u00f3n: un arn\u00e9s y los gatos *__*<\/p>\n<p>Y ahora me voy ya, que tengo que coger el tren para ir a una visita guiada de Olten (que nos hace la propia ciudad, mira t\u00fa xD).<\/p>\n<p>Con esto y un bizcocho&#8230; Besos<br \/>Cris<\/p>\n<p>PS: El de la foto, evidentemente, no soy yo (es Wolfgang o Dominik) y no tengo fotos m\u00edas en la pared, pero sub\u00ed la ruta que est\u00e1 al lado&#8230;<\/p>\n","protected":false},"excerpt":{"rendered":"<p>Pos s\u00ed, &#8220;climbing is dangerous&#8221; dicen las etiquetas de cualquier pieza de equipamiento para escalada de la marca Black Diamond. Lo descubrimos el s\u00e1bado por la noche durante la cena cuando el tutor del curso nos ense\u00f1\u00f3 el material que se utiliza para practicar ese deporte. No s\u00e9 si lo hab\u00eda comentado ya, pero este [&hellip;]<\/p>\n","protected":false},"author":3,"featured_media":0,"comment_status":"open","ping_status":"closed","sticky":false,"template":"","format":"standard","meta":{"footnotes":""},"categories":[],"tags":[],"class_list":["post-283","post","type-post","status-publish","format-standard","hentry"],"_links":{"self":[{"href":"https:\/\/blog.lapecera.ch\/index.php?rest_route=\/wp\/v2\/posts\/283","targetHints":{"allow":["GET"]}}],"collection":[{"href":"https:\/\/blog.lapecera.ch\/index.php?rest_route=\/wp\/v2\/posts"}],"about":[{"href":"https:\/\/blog.lapecera.ch\/index.php?rest_route=\/wp\/v2\/types\/post"}],"author":[{"embeddable":true,"href":"https:\/\/blog.lapecera.ch\/index.php?rest_route=\/wp\/v2\/users\/3"}],"replies":[{"embeddable":true,"href":"https:\/\/blog.lapecera.ch\/index.php?rest_route=%2Fwp%2Fv2%2Fcomments&post=283"}],"version-history":[{"count":0,"href":"https:\/\/blog.lapecera.ch\/index.php?rest_route=\/wp\/v2\/posts\/283\/revisions"}],"wp:attachment":[{"href":"https:\/\/blog.lapecera.ch\/index.php?rest_route=%2Fwp%2Fv2%2Fmedia&parent=283"}],"wp:term":[{"taxonomy":"category","embeddable":true,"href":"https:\/\/blog.lapecera.ch\/index.php?rest_route=%2Fwp%2Fv2%2Fcategories&post=283"},{"taxonomy":"post_tag","embeddable":true,"href":"https:\/\/blog.lapecera.ch\/index.php?rest_route=%2Fwp%2Fv2%2Ftags&post=283"}],"curies":[{"name":"wp","href":"https:\/\/api.w.org\/{rel}","templated":true}]}}