{"id":282,"date":"2009-05-28T23:31:00","date_gmt":"2009-05-28T21:31:00","guid":{"rendered":"http:\/\/lapecera.ch\/?p=282"},"modified":"2009-05-28T23:31:00","modified_gmt":"2009-05-28T21:31:00","slug":"la-mama","status":"publish","type":"post","link":"https:\/\/blog.lapecera.ch\/?p=282","title":{"rendered":"La mama"},"content":{"rendered":"<p>El caso es que llevo toda la semana queriendo hacer una entrada para contaros de mi vestido, la cena en Basel del fin de semana pasado, el domingo en la piscina, de la clase de canto, del trabajo, de operaci\u00f3n triunfo y el oteador y un mont\u00f3n de cosas m\u00e1s pero ya no me da tiempo. Son las 11 y media y a\u00fan no he terminado de preparar las mochilas para irnos ma\u00f1ana de acampada&#8230; as\u00ed que dejo lo de contaros mi vida para otro momento y a cambio os dejo con una parida xD<\/p>\n<p><object width=\"425\" height=\"344\"><param name=\"movie\" value=\"http:\/\/www.youtube.com\/v\/Nem0bkErGVY&#038;hl=en&#038;fs=1&#038;color1=0x5d1719&#038;color2=0xcd311b\"><\/param><param name=\"allowFullScreen\" value=\"true\"><\/param><param name=\"allowscriptaccess\" value=\"always\"><\/param><embed src=\"http:\/\/www.youtube.com\/v\/Nem0bkErGVY&#038;hl=en&#038;fs=1&#038;color1=0x5d1719&#038;color2=0xcd311b\" type=\"application\/x-shockwave-flash\" allowscriptaccess=\"always\" allowfullscreen=\"true\" width=\"425\" height=\"344\"><\/embed><\/object><\/p>\n<p>Dedicado a las mamis (en especial a la m\u00eda, claro)&#8230; y ya me voy. Id rezando para que Silvia y Jon no hagan un estropicio de &#8220;Come what may&#8221; (\u00bfllegar\u00e1 Silvia al G5 o no llegar\u00e1? He ah\u00ed la cuesti\u00f3n) y lloremos juntos con el &#8220;Underneath your clothes&#8221; y el ingl\u00e9s macarr\u00f3nico de Diana T-T<\/p>\n<p>\u00a1Hala, os dejo ya!<\/p>\n<p>Con esto y un bizcocho&#8230; Besos<br \/>Cris<\/p>\n","protected":false},"excerpt":{"rendered":"<p>El caso es que llevo toda la semana queriendo hacer una entrada para contaros de mi vestido, la cena en Basel del fin de semana pasado, el domingo en la piscina, de la clase de canto, del trabajo, de operaci\u00f3n triunfo y el oteador y un mont\u00f3n de cosas m\u00e1s pero ya no me da [&hellip;]<\/p>\n","protected":false},"author":3,"featured_media":0,"comment_status":"open","ping_status":"closed","sticky":false,"template":"","format":"standard","meta":{"footnotes":""},"categories":[],"tags":[],"class_list":["post-282","post","type-post","status-publish","format-standard","hentry"],"_links":{"self":[{"href":"https:\/\/blog.lapecera.ch\/index.php?rest_route=\/wp\/v2\/posts\/282","targetHints":{"allow":["GET"]}}],"collection":[{"href":"https:\/\/blog.lapecera.ch\/index.php?rest_route=\/wp\/v2\/posts"}],"about":[{"href":"https:\/\/blog.lapecera.ch\/index.php?rest_route=\/wp\/v2\/types\/post"}],"author":[{"embeddable":true,"href":"https:\/\/blog.lapecera.ch\/index.php?rest_route=\/wp\/v2\/users\/3"}],"replies":[{"embeddable":true,"href":"https:\/\/blog.lapecera.ch\/index.php?rest_route=%2Fwp%2Fv2%2Fcomments&post=282"}],"version-history":[{"count":0,"href":"https:\/\/blog.lapecera.ch\/index.php?rest_route=\/wp\/v2\/posts\/282\/revisions"}],"wp:attachment":[{"href":"https:\/\/blog.lapecera.ch\/index.php?rest_route=%2Fwp%2Fv2%2Fmedia&parent=282"}],"wp:term":[{"taxonomy":"category","embeddable":true,"href":"https:\/\/blog.lapecera.ch\/index.php?rest_route=%2Fwp%2Fv2%2Fcategories&post=282"},{"taxonomy":"post_tag","embeddable":true,"href":"https:\/\/blog.lapecera.ch\/index.php?rest_route=%2Fwp%2Fv2%2Ftags&post=282"}],"curies":[{"name":"wp","href":"https:\/\/api.w.org\/{rel}","templated":true}]}}