{"id":281,"date":"2009-05-22T10:17:00","date_gmt":"2009-05-22T08:17:00","guid":{"rendered":"http:\/\/lapecera.ch\/?p=281"},"modified":"2009-05-22T10:17:00","modified_gmt":"2009-05-22T08:17:00","slug":"no-me-doy-por-vencido","status":"publish","type":"post","link":"https:\/\/blog.lapecera.ch\/?p=281","title":{"rendered":"No me doy por vencido"},"content":{"rendered":"<p>\u00a1Preparaos! Voy a dar la lata con OT hasta la final *muajaja*<\/p>\n<p>Mira que no me gusta Luis Fonsi (ni Luis Miguel y suced\u00e1neos), pero esta canci\u00f3n me encanta y me encanta c\u00f3mo la cantaron Jon y Samuel en OT. No entiendo que nominasen a Jon, vale que grita bastante, y vale que el p*** &#8220;suspiro&#8221; le sale calado o desafinado del todo la mayor parte de las veces, pero les qued\u00f3 tan bonita *_______* \u00bfHe dicho ya que estoy medio &#8216;namor\u00e1 de Samuel como la Noemi?  ^_____^ <\/p>\n<p><object classid=\"clsid:D27CDB6E-AE6D-11cf-96B8-444553540000\" codebase=\"http:\/\/download.macromedia.com\/pub\/shockwave\/cabs\/flash\/swflash.cab#version=7,0,19,0\" width=\"430\" height=\"375\"><param name=\"movie\" value=\"http:\/\/mitele.telecinco.es\/swf\/embed\/mediaplayer.swf?vi=http:\/\/bt-cde7d2ec41ee759608f277f681417871b17402ef.id.velocix.com\/bt\/cde7d2ec41ee759608f277f681417871b17402ef\/data&#038;im=\/resources\/jpg\/0\/8\/1242856780880.jpg&#038;sitepage=www.mitele.es\/programas\/operacion-triunfo&#038;width=430&#038;height=375\"\/><param name=\"wmode\" value=\"transparent\"\/><embed src=\"http:\/\/mitele.telecinco.es\/swf\/embed\/mediaplayer.swf?vi=http:\/\/bt-cde7d2ec41ee759608f277f681417871b17402ef.id.velocix.com\/bt\/cde7d2ec41ee759608f277f681417871b17402ef\/data&#038;im=\/resources\/jpg\/0\/8\/1242856780880.jpg&#038;sitepage=www.mitele.es\/programas\/operacion-triunfo&#038;width=430&#038;height=375\" wmode=\"transparent\" width=\"430\" height=\"375\"><\/embed><\/object> <\/p>\n<p>\u00a1Hala, que lo disfruten! Hoy me voy de la empresa a las cuatro para ir a comprar chocolate en la tienda de la f\u00e1brica de Lindt y a las siete tengo clase de canto, a ver que sale de esto&#8230; \ud83d\ude42 El s\u00e1bado me voy a probar vestidos *__*<\/p>\n<p>Con esto y un bizcocho&#8230; Besos<br \/>Cris<\/p>\n<p>PS: Los Whities que traje a la empresa para vender en la campa\u00f1a de <a href=\"http:\/\/www.sos-kinderdorfinternational.org\/Pages\/default.aspx\" target=\"_blank\">SOS Kinderdorf<\/a> que han organizado para recaudar dinero y donarlo a esa organizaci\u00f3n est\u00e1n siendo un \u00e9xito ^___^ Avaloq y sus trabajadores subvencionan a cuatro Kinderd\u00f6rfer repartidos por el mundo (Angola, Rusia, Filipinas y Brasil).<\/p>\n","protected":false},"excerpt":{"rendered":"<p>\u00a1Preparaos! Voy a dar la lata con OT hasta la final *muajaja* Mira que no me gusta Luis Fonsi (ni Luis Miguel y suced\u00e1neos), pero esta canci\u00f3n me encanta y me encanta c\u00f3mo la cantaron Jon y Samuel en OT. No entiendo que nominasen a Jon, vale que grita bastante, y vale que el p*** [&hellip;]<\/p>\n","protected":false},"author":3,"featured_media":0,"comment_status":"open","ping_status":"closed","sticky":false,"template":"","format":"standard","meta":{"footnotes":""},"categories":[],"tags":[],"class_list":["post-281","post","type-post","status-publish","format-standard","hentry"],"_links":{"self":[{"href":"https:\/\/blog.lapecera.ch\/index.php?rest_route=\/wp\/v2\/posts\/281","targetHints":{"allow":["GET"]}}],"collection":[{"href":"https:\/\/blog.lapecera.ch\/index.php?rest_route=\/wp\/v2\/posts"}],"about":[{"href":"https:\/\/blog.lapecera.ch\/index.php?rest_route=\/wp\/v2\/types\/post"}],"author":[{"embeddable":true,"href":"https:\/\/blog.lapecera.ch\/index.php?rest_route=\/wp\/v2\/users\/3"}],"replies":[{"embeddable":true,"href":"https:\/\/blog.lapecera.ch\/index.php?rest_route=%2Fwp%2Fv2%2Fcomments&post=281"}],"version-history":[{"count":0,"href":"https:\/\/blog.lapecera.ch\/index.php?rest_route=\/wp\/v2\/posts\/281\/revisions"}],"wp:attachment":[{"href":"https:\/\/blog.lapecera.ch\/index.php?rest_route=%2Fwp%2Fv2%2Fmedia&parent=281"}],"wp:term":[{"taxonomy":"category","embeddable":true,"href":"https:\/\/blog.lapecera.ch\/index.php?rest_route=%2Fwp%2Fv2%2Fcategories&post=281"},{"taxonomy":"post_tag","embeddable":true,"href":"https:\/\/blog.lapecera.ch\/index.php?rest_route=%2Fwp%2Fv2%2Ftags&post=281"}],"curies":[{"name":"wp","href":"https:\/\/api.w.org\/{rel}","templated":true}]}}