{"id":280,"date":"2009-05-21T00:26:00","date_gmt":"2009-05-20T22:26:00","guid":{"rendered":"http:\/\/lapecera.ch\/?p=280"},"modified":"2009-05-21T00:26:00","modified_gmt":"2009-05-20T22:26:00","slug":"las-veo-venir","status":"publish","type":"post","link":"https:\/\/blog.lapecera.ch\/?p=280","title":{"rendered":"Las veo venir&#8230;"},"content":{"rendered":"<p>\u00bfA qui\u00e9n? A las agujetas. Hoy he inagurado la temporada deportiva de verano yendo a correr con Christoph. Me pas\u00e9, hice demasiado y ya estoy notando las agujetas v.v En fin, espero que ma\u00f1ana en la piscina y en las pr\u00f3ximas salidas solucione este problemillas&#8230; Lo que no se solucionar\u00e1 tan r\u00e1pidamente es la sensaci\u00f3n de culo gordo o &#8220;culo de oficina&#8221; que tengo cuando corro&#8230; Creo que a partir de hoy estoy a dieta (\u00bfse oyen mis carcajadas?).<\/p>\n<p>Aparte de esto, me enter\u00e9 el otro d\u00eda de que ha empezao &#8220;Operaci\u00f3n Triunfo&#8221; de nuevo O____O Me he dedicado despues de ir a correr a mirarme los v\u00eddeos (mientras completaba la instalaci\u00f3n) y as\u00ed a primera vista&#8230; y sin conocerlos todav\u00eda, que a\u00fan ando algo perd\u00eda con los nombres&#8230; me gusta Samuel. Del resto a\u00fan no puedo opinar&#8230; Pero decidme los que lo hab\u00e9is visto: \u00bfJon no parece un clon de David Bustamante mezclado con Julian McMahon? O___O<\/p>\n<p>Ach, es muy tarde, me voy pal sobre (o a ver los videos de la gala 3 xD)<\/p>\n<p>Con esto y un bizcocho&#8230; Besos<br \/>Cris<\/p>\n<p>PS: Estoy viendo la actuaci\u00f3n de Samuel y Jon&#8230; Samuel es mi favorito, definitivamente *____*<br \/>PS2: \u00bfPor qu\u00e9 han nominado a Jon con lo bonita que les qued\u00f3 la canci\u00f3n a estos dos? T-T<\/p>\n","protected":false},"excerpt":{"rendered":"<p>\u00bfA qui\u00e9n? A las agujetas. Hoy he inagurado la temporada deportiva de verano yendo a correr con Christoph. Me pas\u00e9, hice demasiado y ya estoy notando las agujetas v.v En fin, espero que ma\u00f1ana en la piscina y en las pr\u00f3ximas salidas solucione este problemillas&#8230; Lo que no se solucionar\u00e1 tan r\u00e1pidamente es la sensaci\u00f3n [&hellip;]<\/p>\n","protected":false},"author":3,"featured_media":0,"comment_status":"open","ping_status":"closed","sticky":false,"template":"","format":"standard","meta":{"footnotes":""},"categories":[],"tags":[],"class_list":["post-280","post","type-post","status-publish","format-standard","hentry"],"_links":{"self":[{"href":"https:\/\/blog.lapecera.ch\/index.php?rest_route=\/wp\/v2\/posts\/280","targetHints":{"allow":["GET"]}}],"collection":[{"href":"https:\/\/blog.lapecera.ch\/index.php?rest_route=\/wp\/v2\/posts"}],"about":[{"href":"https:\/\/blog.lapecera.ch\/index.php?rest_route=\/wp\/v2\/types\/post"}],"author":[{"embeddable":true,"href":"https:\/\/blog.lapecera.ch\/index.php?rest_route=\/wp\/v2\/users\/3"}],"replies":[{"embeddable":true,"href":"https:\/\/blog.lapecera.ch\/index.php?rest_route=%2Fwp%2Fv2%2Fcomments&post=280"}],"version-history":[{"count":0,"href":"https:\/\/blog.lapecera.ch\/index.php?rest_route=\/wp\/v2\/posts\/280\/revisions"}],"wp:attachment":[{"href":"https:\/\/blog.lapecera.ch\/index.php?rest_route=%2Fwp%2Fv2%2Fmedia&parent=280"}],"wp:term":[{"taxonomy":"category","embeddable":true,"href":"https:\/\/blog.lapecera.ch\/index.php?rest_route=%2Fwp%2Fv2%2Fcategories&post=280"},{"taxonomy":"post_tag","embeddable":true,"href":"https:\/\/blog.lapecera.ch\/index.php?rest_route=%2Fwp%2Fv2%2Ftags&post=280"}],"curies":[{"name":"wp","href":"https:\/\/api.w.org\/{rel}","templated":true}]}}