{"id":277,"date":"2009-05-14T14:49:00","date_gmt":"2009-05-14T12:49:00","guid":{"rendered":"http:\/\/lapecera.ch\/?p=277"},"modified":"2009-05-14T14:49:00","modified_gmt":"2009-05-14T12:49:00","slug":"menendez","status":"publish","type":"post","link":"https:\/\/blog.lapecera.ch\/?p=277","title":{"rendered":"MENENDEZ"},"content":{"rendered":"<p>Hoy me he enterado que Men\u00e9ndez, al contrario que Fern\u00e1ndez, Gonz\u00e1lez, Mart\u00ednez o Garc\u00eda, no es un apellido tan com\u00fan y corriente. En toda Espa\u00f1a, seg\u00fan el INE, s\u00f3lo hay 31.943 personas que lo lleven como primer apellido, como yo&#8230; Si lo comparas con las m\u00e1s de 900.000 personas que llevan Fern\u00e1ndez como segundo apellido (como primero son otros tantos), 32.000 son poquillos. Ahora entiendo porque Yuna me dec\u00eda que no lo hab\u00eda o\u00eddo nunca por Valencia fO.o <\/p>\n<p>No s\u00e9 porqu\u00e9 le\u00f1e una trivialidad as\u00ed me hace ilusi\u00f3n, pero al menos as\u00ed puedo apreciar algo m\u00e1s el apellido familiar por muy complicado que sea de deletrear en alem\u00e1n *___*<\/p>\n<p>Si quer\u00e9is conocer la distribuci\u00f3n regional de vuestros apellidos, pod\u00e9is verlo aqu\u00ed: <a href=\"http:\/\/www.ine.es\/fapel\/FAPEL.INICIO\" target=\"_blank\">http:\/\/www.ine.es\/fapel\/FAPEL.INICIO<\/a><\/p>\n<p>Para m\u00e1s curiosidades sobre nombres y apellidos seguimos con el INE, aqu\u00ed podr\u00e9is encontrar listas de apellidos m\u00e1s comunes por provincia y por nacionalidad de los residentes en Espa\u00f1a o los nombres m\u00e1s comunes seg\u00fan el a\u00f1o: <a href=\"http:\/\/www.ine.es\/daco\/daco42\/nombyapel\/nombyapel.htm\" target=\"_blank\">http:\/\/www.ine.es\/daco\/daco42\/nombyapel\/nombyapel.htm<\/a><\/p>\n<p>\u00a1Hala! Que ustedes lo disfruten \ud83d\ude42<\/p>\n<p>Con esto y un bizcocho&#8230; Besos<br \/>Cris<\/p>\n<p>edit: La direcci\u00f3n ha cambiado: <a href=\"http:\/\/www.ine.es\/apellidos\/formGeneral.do?vista=1\" target=\"_blank\">http:\/\/www.ine.es\/apellidos\/formGeneral.do?vista=1<\/a><\/p>\n","protected":false},"excerpt":{"rendered":"<p>Hoy me he enterado que Men\u00e9ndez, al contrario que Fern\u00e1ndez, Gonz\u00e1lez, Mart\u00ednez o Garc\u00eda, no es un apellido tan com\u00fan y corriente. En toda Espa\u00f1a, seg\u00fan el INE, s\u00f3lo hay 31.943 personas que lo lleven como primer apellido, como yo&#8230; Si lo comparas con las m\u00e1s de 900.000 personas que llevan Fern\u00e1ndez como segundo apellido [&hellip;]<\/p>\n","protected":false},"author":3,"featured_media":0,"comment_status":"open","ping_status":"closed","sticky":false,"template":"","format":"standard","meta":{"footnotes":""},"categories":[],"tags":[],"class_list":["post-277","post","type-post","status-publish","format-standard","hentry"],"_links":{"self":[{"href":"https:\/\/blog.lapecera.ch\/index.php?rest_route=\/wp\/v2\/posts\/277","targetHints":{"allow":["GET"]}}],"collection":[{"href":"https:\/\/blog.lapecera.ch\/index.php?rest_route=\/wp\/v2\/posts"}],"about":[{"href":"https:\/\/blog.lapecera.ch\/index.php?rest_route=\/wp\/v2\/types\/post"}],"author":[{"embeddable":true,"href":"https:\/\/blog.lapecera.ch\/index.php?rest_route=\/wp\/v2\/users\/3"}],"replies":[{"embeddable":true,"href":"https:\/\/blog.lapecera.ch\/index.php?rest_route=%2Fwp%2Fv2%2Fcomments&post=277"}],"version-history":[{"count":0,"href":"https:\/\/blog.lapecera.ch\/index.php?rest_route=\/wp\/v2\/posts\/277\/revisions"}],"wp:attachment":[{"href":"https:\/\/blog.lapecera.ch\/index.php?rest_route=%2Fwp%2Fv2%2Fmedia&parent=277"}],"wp:term":[{"taxonomy":"category","embeddable":true,"href":"https:\/\/blog.lapecera.ch\/index.php?rest_route=%2Fwp%2Fv2%2Fcategories&post=277"},{"taxonomy":"post_tag","embeddable":true,"href":"https:\/\/blog.lapecera.ch\/index.php?rest_route=%2Fwp%2Fv2%2Ftags&post=277"}],"curies":[{"name":"wp","href":"https:\/\/api.w.org\/{rel}","templated":true}]}}