{"id":275,"date":"2009-05-11T14:30:00","date_gmt":"2009-05-11T12:30:00","guid":{"rendered":"http:\/\/lapecera.ch\/?p=275"},"modified":"2009-05-11T14:30:00","modified_gmt":"2009-05-11T12:30:00","slug":"mi-limon-mi-limonero","status":"publish","type":"post","link":"https:\/\/blog.lapecera.ch\/?p=275","title":{"rendered":"Mi lim\u00f3n, mi limonero"},"content":{"rendered":"<blockquote><p>With effort, Annie closed her mouth and blinked. Both at the same time. While breathing. Multi-tasking.<\/p>\n<p><span style=\"font-size: 85%;\"><a href=\"http:\/\/www.amazon.co.uk\/Persuading-Annie-Melissa-Nathan\/dp\/0099505770\/ref=sr_1_1?ie=UTF8&amp;s=books&amp;qid=1241789818&amp;sr=8-1\">Persuading Annie<\/a>, Melissa Nathan (2001)<\/span><\/p><\/blockquote>\n<p>En la familia de los \u00abPajaritos\u00bb todos tienen un \u00e1rbol donde plantar el nido: Dominik y Sabine tienen un membrillo, Janis, un manzano, Raphael, un&#8230; \u00a1hmmm! un frutal, no s\u00e9 cu\u00e1l ahora mismo&#8230; y Luana ha recibido por su bautizo un limonero. De ese limonero recibimos todos los invitados al bautizo un lim\u00f3n, que ahora est\u00e1 en mi bolso porque se me olvid\u00f3 sacarlo xDD El bautizo estuvo muy bien (salvo el servicio en el restaurante), ya colgar\u00e9 alguna foto para que veais que mona estaba la ni\u00f1a con el vestido que hizo mi madre ^___^<\/p>\n<p><img decoding=\"async\" style=\"float: right; margin: 0 0 10px 10px; cursor: hand; width: 158px; height: 200px;\" src=\"http:\/\/www.lapecera.ch\/uploaded_images\/j-ripoll-limonero-772269.jpg\" alt=\"\" border=\"0\" \/>Aparte de eso, este fin de semana no ha habido grandes novedades. He terminado de leer <em>Persuading Annie<\/em> que me encant\u00f3, he empezado <em>Corto Malt\u00e9s, Mu<\/em>, Christoph se compr\u00f3 cuatro camisas nuevas, yo me compr\u00e9 el top con el que Pen\u00e9lope Cruz sale en la portada del cat\u00e1logo de MANGO (y lo llev\u00e9 el domingo al bautizo con mis zapatos nuevos), un gato nos dej\u00f3 como souvenir un rat\u00f3n muerto y decapitado a la puerta de casa y yo lo pis\u00e9 al salir de casa para bajar al Keller por la noche (\u00a1qu\u00e9 asco, podi\u00f3!)&#8230; Nada fuera de lo normal, vamos&#8230; Salvo quiz\u00e1 el rebote que me pill\u00e9 por un art\u00edculo escrito por un tal <a href=\"http:\/\/www.heraldo.es\/blogs\/gervasiosanchez\/\" target=\"_blank\">Gervasio S\u00e1nchez<\/a> en su blog criticando el impacto medi\u00e1tico y el sensacionalismo con el que se est\u00e1 tratando el tema de la <em>swine flu<\/em> (\u00bfgripe porcina?). En este tema estoy algo sensibilizada; quiz\u00e1 porque Christoph se ha informado demasiado y me ha llevado a m\u00ed a informarme, lo cual normalmente no ocurre (de todos es sabido que soy la desinformaci\u00f3n personificada, \u00bfno?). El art\u00edculo del se\u00f1or me pareci\u00f3 bastante demag\u00f3gico, sobre todo en las partes en las que llamaba pandem\u00eda a la malaria o el hambre&#8230; pero lo que me puso de m\u00e1s mala leche el s\u00e1bado por la ma\u00f1ana recien levantada fueron los comentarios-aplauso de los lectores \u00ac\u00ac<\/p>\n<p>Puede que especialmente los medios de comunicaci\u00f3n se aprovechen del tir\u00f3n y de paso beneficien a cierta farmac\u00e9utica suiza, pero lo que no se puede olvidar es que el peligro de una pandem\u00eda (de gripe, sobre todo, que es la m\u00e1s dada a ello) siempre estar\u00e1 presente y latente a nuestro alrededor. Vale, que a lo mejor ahora no es tan grave como se tem\u00eda&#8230; pero \u00a1ojo! que puede pasar y eso parece que a la gente le importa muy poco. Nadie habla de la posible segunda ola o de c\u00f3mo puede afectar el brote al hemisferio sur que ahora entra en el invierno o de qu\u00e9 va a pasar aqu\u00ed en invierno&#8230; \u00a1No! Importa m\u00e1s, comentar que si la prensa miente, que si disfrazan las cifras, que si indignaci\u00f3n por aqu\u00ed o por all\u00e1 y blablabla, porque es m\u00e1s guay y encima quedas de alternativo y progre&#8230; Parece que hayamos perdido parte de nuestro instinto de supervivencia, \u00a1es que a nadie le interesan los planes de contingencia del gobierno ante una posible pandem\u00eda (da igual cuando se pueda producir \u00e9sta)! fO.o<\/p>\n<p>Para quien le interese: buscad informaci\u00f3n sobre la <em>Gripe Espa\u00f1ola<\/em> que entre 1918 y 1920 mat\u00f3 a un 2.5% de la poblaci\u00f3n mundial en aquella \u00e9poca <span style=\"font-size: 85%;\">(entre 50 y 100 millones, uno de ellos Gustav Klimt, no se saben los datos exactos por la falta de documentos)<\/span>. Una posible pandem\u00eda en la actualidad en comparaci\u00f3n con la de hace casi 100 a\u00f1os tiene un punto positivo, m\u00e9dicamente hablando estamos mucho m\u00e1s avanzados que entonces \u2014aunque s\u00f3lo sea por tener paracetamol y vitamina C al alcance de la mano\u2013, y un punto negativo, si bien en 1918 la movilizaci\u00f3n de tropas durante la Primera Guerra Mundial ayud\u00f3 al contagio en lugares remotos (lease \u00c1frica o las islas del Pac\u00edfico), el tr\u00e1fico a\u00e9reo actual no tiene ni punto de comparaci\u00f3n y es un factor m\u00e1s adverso casi que la falta de avances m\u00e9dicos&#8230; \u00ac\u00ac Por cierto, y ya dejo el tema, puesto a quejarse y levantar la voz, yo me quejar\u00eda menos del sensacionalismo y m\u00e1s de la poca idea que tienen en Espa\u00f1a sobre determinados temas: El Pais en sus FAQs sobre el nuevo brote de H1N1 dice que el contagio se produce por contacto directo con los animales y entre humanos es excepcionalmente raro. La CDC (Center for Disease Control and Prevention), que algo sobre el tema sabe, dice que se transmite como un virus de la gripe normal y corriente (leer ep\u00edgrafe <a href=\"http:\/\/www.cdc.gov\/h1n1flu\/qa.htm\" target=\"_blank\">How does this new H1N1 virus spread?<\/a>)&#8230; Menos mal que los periodistas cobran buenos sueldos por mantenernos informados \u00ac\u00ac Al menos, podr\u00edan tener la decencia de copiar y pegar del <a href=\"http:\/\/www.msc.es\/ciudadanos\/proteccionSalud\/vacunaciones\/viajero\/preguntasFrecuentes.htm\" target=\"_blank\">Ministerio de Salud<\/a>, \u00bfno?<\/p>\n<p>Y nada, que me voy a seguir trabajando que pa eso me pagan&#8230; No olviden que el lim\u00f3n es antibacteriano, que lavarse las manos a menudo reduce el riesgo de contagio de cualquier cosa, y lo m\u00e1s importante: <strong>\u00a1\u00a1no olviden vitaminarse y supermineralizarse!! <\/strong>\ud83d\ude09<\/p>\n<p>Con esto y un bizcocho&#8230; Besos<br \/>\nCris<\/p>\n<p>PS: El relato de La Joven de la Perla no avanza. Est\u00e1 empezado, pero no lo veo yo con vista a terminarse en un futuro cercano v.v<br \/>\nPS2: El vestido de MANGO ha llegado hoy&#8230; Seguiremos informando *____*<br \/>\nPS3: Update vestido MANGO: Me sobran como 20 cent\u00edmetros de vestido, as\u00ed que ni con mis tacones m\u00e1s altos lograr\u00eda andar sin pisarlo&#8230; Y a Christoph no le gusta porque dice que no se ven bien mis buenas proporciones y dice que ni hablar de usarlo pa la boda que en Espa\u00f1a son demasiado tikismikis y el vestido es demasiado <em>flowerpower<\/em> T-T Na, ir\u00e9 a Z\u00fcrich a probarme <a href=\"http:\/\/www.samyra-fashion.com\/Evening-Dresses\/Cocktail-dresses\/Evening-dress-black-66.html\" target=\"_blank\">este vestido<\/a> o <a href=\"http:\/\/www.samyra-fashion.com\/Evening-Dresses\/Cocktail-dresses\/Evening-dress-turquoise-62.html\" target=\"_blank\">\u00e9ste<\/a> o <a href=\"http:\/\/www.samyra-fashion.com\/Evening-Dresses\/Evening-Dresses-long\/Evening-dress-green-492.html\" target=\"_blank\">\u00e9ste<\/a> *\u00ac*<\/p>\n","protected":false},"excerpt":{"rendered":"<p>With effort, Annie closed her mouth and blinked. Both at the same time. While breathing. Multi-tasking. Persuading Annie, Melissa Nathan (2001) En la familia de los \u00abPajaritos\u00bb todos tienen un \u00e1rbol donde plantar el nido: Dominik y Sabine tienen un membrillo, Janis, un manzano, Raphael, un&#8230; \u00a1hmmm! un frutal, no s\u00e9 cu\u00e1l ahora mismo&#8230; y [&hellip;]<\/p>\n","protected":false},"author":3,"featured_media":0,"comment_status":"open","ping_status":"closed","sticky":false,"template":"","format":"standard","meta":{"footnotes":""},"categories":[],"tags":[],"class_list":["post-275","post","type-post","status-publish","format-standard","hentry"],"_links":{"self":[{"href":"https:\/\/blog.lapecera.ch\/index.php?rest_route=\/wp\/v2\/posts\/275","targetHints":{"allow":["GET"]}}],"collection":[{"href":"https:\/\/blog.lapecera.ch\/index.php?rest_route=\/wp\/v2\/posts"}],"about":[{"href":"https:\/\/blog.lapecera.ch\/index.php?rest_route=\/wp\/v2\/types\/post"}],"author":[{"embeddable":true,"href":"https:\/\/blog.lapecera.ch\/index.php?rest_route=\/wp\/v2\/users\/3"}],"replies":[{"embeddable":true,"href":"https:\/\/blog.lapecera.ch\/index.php?rest_route=%2Fwp%2Fv2%2Fcomments&post=275"}],"version-history":[{"count":0,"href":"https:\/\/blog.lapecera.ch\/index.php?rest_route=\/wp\/v2\/posts\/275\/revisions"}],"wp:attachment":[{"href":"https:\/\/blog.lapecera.ch\/index.php?rest_route=%2Fwp%2Fv2%2Fmedia&parent=275"}],"wp:term":[{"taxonomy":"category","embeddable":true,"href":"https:\/\/blog.lapecera.ch\/index.php?rest_route=%2Fwp%2Fv2%2Fcategories&post=275"},{"taxonomy":"post_tag","embeddable":true,"href":"https:\/\/blog.lapecera.ch\/index.php?rest_route=%2Fwp%2Fv2%2Ftags&post=275"}],"curies":[{"name":"wp","href":"https:\/\/api.w.org\/{rel}","templated":true}]}}