{"id":273,"date":"2009-05-04T23:06:00","date_gmt":"2009-05-04T21:06:00","guid":{"rendered":"http:\/\/lapecera.ch\/?p=273"},"modified":"2009-05-04T23:06:00","modified_gmt":"2009-05-04T21:06:00","slug":"madrid-18-de-julio","status":"publish","type":"post","link":"https:\/\/blog.lapecera.ch\/?p=273","title":{"rendered":"Madrid, 18 de julio"},"content":{"rendered":"<p>Christoph y yo acabamos de comprarnos los billetes de avi\u00f3n para ir a la boda de los Silvi@s&#8230; *________*<\/p>\n<p>S\u00f3lo de pensar que tengo que buscarme ropa, me dan ganas de echarme a llorar o de quedarme en casa, o mejor, en la monta\u00f1a con mi botas La Sportiva y mis pantalones y camisetas amplios&#8230; T-T S\u00f3lo de pensar que tendr\u00e9 que \u00a1bailar! y \u00a1CON CHRISTOPH!, se me apetece irme a Kathmand\u00fa, o mejor, Timbukt\u00fa que es a donde ya tengo planeado ir v.v<\/p>\n<p><a href=\"http:\/\/www.lapecera.ch\/uploaded_images\/IMG_0349-700911.JPG\" rel=\"example3\"><img decoding=\"async\" style=\"float:right; margin:0 0 10px 10px;cursor:pointer; cursor:hand;width: 200px; height: 133px;\" src=\"http:\/\/www.lapecera.ch\/uploaded_images\/IMG_0349-700480.JPG\" border=\"0\" alt=\"\" \/><\/a>El caso es que vamos del 17 al 19. El 17 no sirve de mucho porque llegamos a las 5 de la tarde, suponiendo que Easyjet llegue puntual, pero el s\u00e1bado tenemos todo el d\u00eda y, si hay alg\u00fan valiente que todav\u00eda est\u00e9 padeciendo los calores de la capital y quiera quedar conmigo, soy toda o\u00eddos a sugerencias relajantes (nada de correr paqu\u00ed y pall\u00e1) ^___^ Lo que ya no s\u00e9 es d\u00f3nde queda el hotel porque yo en Madrid, como que no&#8230; \u00bfCalle de Arroyofresno ta mu lejos&#8230; de cualquier cosa? Y ahora que lo pienso: \u00bfSe puede llegar en metro o hay que pillarse un taxi? fO.o<\/p>\n<p>Por lo dem\u00e1s, hoy he estado en el fin del mundo, aka Sch\u00f6ftland, haciendo una prueba para un grupo de m\u00fasica que est\u00e1n formando para tocar\/cantar Oldies, o sea, canciones de los 60 y 70. Las canciones me encantan pero el local de ensayo est\u00e1 en casadios, \u00a1mi madre! Y aunque me han ofrecido que me podr\u00edan ir a buscar a Aarau, no estoy del todo convencida (y mira que me vendr\u00eda bien para aprender a cantar con otras voces). La semana que viene tengo otra prueba en una banda de Olten, pero tocan rock tirando a <em>quieroserheavy <\/em>y evidentemente yo ah\u00ed no pego ni con cola. Estoy pensando en cancelar la cita. Y en dos semanas tengo otra prueba, esta vez en Zurich, para cantar &#8220;Long train running&#8221; con un banda de funk\/soul a los que les gusta mi voz *___* A saber qu\u00e9 saldr\u00e1 de todo esto&#8230; \u00a1Ah! Y estoy buscando nueva profesora de canto por aqu\u00ed cerca&#8230; Espero que resulte, aunque me dar\u00e1 pena dejar a Evy T-T<\/p>\n<p>En fin&#8230; Eso es todo, amigos, la menda se va pal catre zzZZZzZzZzZ<\/p>\n<p>Con esto y un bizcocho&#8230; Besos<br \/>Cris<\/p>\n","protected":false},"excerpt":{"rendered":"<p>Christoph y yo acabamos de comprarnos los billetes de avi\u00f3n para ir a la boda de los Silvi@s&#8230; *________* S\u00f3lo de pensar que tengo que buscarme ropa, me dan ganas de echarme a llorar o de quedarme en casa, o mejor, en la monta\u00f1a con mi botas La Sportiva y mis pantalones y camisetas amplios&#8230; [&hellip;]<\/p>\n","protected":false},"author":3,"featured_media":0,"comment_status":"open","ping_status":"closed","sticky":false,"template":"","format":"standard","meta":{"footnotes":""},"categories":[],"tags":[],"class_list":["post-273","post","type-post","status-publish","format-standard","hentry"],"_links":{"self":[{"href":"https:\/\/blog.lapecera.ch\/index.php?rest_route=\/wp\/v2\/posts\/273","targetHints":{"allow":["GET"]}}],"collection":[{"href":"https:\/\/blog.lapecera.ch\/index.php?rest_route=\/wp\/v2\/posts"}],"about":[{"href":"https:\/\/blog.lapecera.ch\/index.php?rest_route=\/wp\/v2\/types\/post"}],"author":[{"embeddable":true,"href":"https:\/\/blog.lapecera.ch\/index.php?rest_route=\/wp\/v2\/users\/3"}],"replies":[{"embeddable":true,"href":"https:\/\/blog.lapecera.ch\/index.php?rest_route=%2Fwp%2Fv2%2Fcomments&post=273"}],"version-history":[{"count":0,"href":"https:\/\/blog.lapecera.ch\/index.php?rest_route=\/wp\/v2\/posts\/273\/revisions"}],"wp:attachment":[{"href":"https:\/\/blog.lapecera.ch\/index.php?rest_route=%2Fwp%2Fv2%2Fmedia&parent=273"}],"wp:term":[{"taxonomy":"category","embeddable":true,"href":"https:\/\/blog.lapecera.ch\/index.php?rest_route=%2Fwp%2Fv2%2Fcategories&post=273"},{"taxonomy":"post_tag","embeddable":true,"href":"https:\/\/blog.lapecera.ch\/index.php?rest_route=%2Fwp%2Fv2%2Ftags&post=273"}],"curies":[{"name":"wp","href":"https:\/\/api.w.org\/{rel}","templated":true}]}}