{"id":272,"date":"2009-05-03T21:11:00","date_gmt":"2009-05-03T19:11:00","guid":{"rendered":"http:\/\/lapecera.ch\/?p=272"},"modified":"2009-05-03T21:11:00","modified_gmt":"2009-05-03T19:11:00","slug":"fabadina-y-cyndi-lauper","status":"publish","type":"post","link":"https:\/\/blog.lapecera.ch\/?p=272","title":{"rendered":"Fabadina y Cyndi Lauper"},"content":{"rendered":"<p>Actualizo r\u00e1pido para contar un par de &#8220;tonteridas&#8221; de las m\u00edas xDD<\/p>\n<p>Una que hoy he vuelto a hacer una fabada despu\u00e9s de&#8230; fiuuuu&#8230; la de mimadre&#8230; vamos, a\u00f1os&#8230; Invitados estaban los Silvi@s y los Puglieses <span style=\"font-size:78%;\">(Tatiana estar\u00e1 ahora mismo cag\u00e1ndose en todos mis muertos)<\/span>, una pena que los Hubis no pudieran venir. El caso es que estaba mu buena, no muy fuerte y de un kilo de fabas s\u00f3lo me han quedado dos m\u00edseros trocitos de chorizo, as\u00ed que nunca sabr\u00e9 si ma\u00f1ana estar\u00eda m\u00e1s rica que hoy xDDD<\/p>\n<p>El s\u00e1bado tuve mi \u00faltima clase de canto en una buena temporada v.v Esta vez prob\u00e9 suerte con &#8220;Time after time&#8221; de Cyndi Lauper. He aqu\u00ed el resultado&#8230;<\/p>\n<p><object type=\"application\/x-shockwave-flash\" data=\"http:\/\/www.lapecera.ch\/music\/player.swf\" height=\"24\" width=\"290\" id=\"audioplayer6\"><param name=\"movie\" value=\"http:\/\/www.lapecera.ch\/music\/player.swf\"><param name=\"FlashVars\" value=\"playerID=6&amp;bg=0xfff3d5&amp;leftbg=0xffd5a1&amp;lefticon=0xc83e22&amp;rightbg=0xffd5a1&amp;rightbghover=0xc83e22&amp;righticon=0xc83e22&amp;righticonhover=0xfff3d5&amp;text=0x000000&amp;slider=0xc83e22&amp;track=0xffd5a1&amp;border=0x000000&amp;loader=0xffffff&amp;loop=no&amp;autostart=no&amp;soundFile=http:\/\/www.lapecera.ch\/music\/timeaftertime.mp3\"><param name=\"quality\" value=\"high\"><param name=\"menu\" value=\"false\"><param name=\"wmode\" value=\"transparent\"><\/object><\/p>\n<p>No, la demo a\u00fan no est\u00e1 en mi poder, pero lo estar\u00e1 pronto. El martes se pondr\u00e1n manos a la obra y luego me la mandar\u00e1n por correo *_____* El resultado lo colgar\u00e9 aqu\u00ed mismo xDD<\/p>\n<p>Y por \u00faltimo, el otro d\u00eda hice la tonter\u00eda de apuntarme al concurso de relatos cortos &#8220;La chica de la perla&#8221; organizado por Elendin (Leodin Dacore) y ich_liebe_jack (Fiora) en el foro de Laura Gallego&#8230; Tengo que escribir antes del 18 de mayo un relato que cuente la historia detr\u00e1s del cuadro que me ha tocado, o sea, &#8220;Muchacha con turbante&#8221;, m\u00e1s conocido como &#8220;La joven de la perla&#8221;, de Johannes Vermeer&#8230; \u00a1Ay, mi madre! O____O Por favor, des\u00e9enme \u00fastedes suerte&#8230; No para ganar o pasar a la segunda ronda, sino para algo tan sencillo como terminar el relato T-T<\/p>\n<p>Y na, cuando tenga m\u00e1s cosas que contar o me acuerde de ellas, ya me pasar\u00e9 a dar la tabarra por aqu\u00ed ^___^ De momento voy a ponerme a planchar \ud83d\ude1b<\/p>\n<p>Con esto y un bizcocho&#8230; Besos<br \/>Cris<\/p>\n<p>PS: Ayer me lleg\u00f3 mi copia de &#8220;Corto Maltese, und immer ein St\u00fcck weiter&#8221; *___* Y ya he terminado con &#8220;Alas negras&#8221; y, aunque me gust\u00f3, me he quedao un poco decepcionada con el resultado \ud83d\ude41<\/p>\n","protected":false},"excerpt":{"rendered":"<p>Actualizo r\u00e1pido para contar un par de &#8220;tonteridas&#8221; de las m\u00edas xDD Una que hoy he vuelto a hacer una fabada despu\u00e9s de&#8230; fiuuuu&#8230; la de mimadre&#8230; vamos, a\u00f1os&#8230; Invitados estaban los Silvi@s y los Puglieses (Tatiana estar\u00e1 ahora mismo cag\u00e1ndose en todos mis muertos), una pena que los Hubis no pudieran venir. El caso [&hellip;]<\/p>\n","protected":false},"author":3,"featured_media":0,"comment_status":"open","ping_status":"closed","sticky":false,"template":"","format":"standard","meta":{"footnotes":""},"categories":[],"tags":[],"class_list":["post-272","post","type-post","status-publish","format-standard","hentry"],"_links":{"self":[{"href":"https:\/\/blog.lapecera.ch\/index.php?rest_route=\/wp\/v2\/posts\/272","targetHints":{"allow":["GET"]}}],"collection":[{"href":"https:\/\/blog.lapecera.ch\/index.php?rest_route=\/wp\/v2\/posts"}],"about":[{"href":"https:\/\/blog.lapecera.ch\/index.php?rest_route=\/wp\/v2\/types\/post"}],"author":[{"embeddable":true,"href":"https:\/\/blog.lapecera.ch\/index.php?rest_route=\/wp\/v2\/users\/3"}],"replies":[{"embeddable":true,"href":"https:\/\/blog.lapecera.ch\/index.php?rest_route=%2Fwp%2Fv2%2Fcomments&post=272"}],"version-history":[{"count":0,"href":"https:\/\/blog.lapecera.ch\/index.php?rest_route=\/wp\/v2\/posts\/272\/revisions"}],"wp:attachment":[{"href":"https:\/\/blog.lapecera.ch\/index.php?rest_route=%2Fwp%2Fv2%2Fmedia&parent=272"}],"wp:term":[{"taxonomy":"category","embeddable":true,"href":"https:\/\/blog.lapecera.ch\/index.php?rest_route=%2Fwp%2Fv2%2Fcategories&post=272"},{"taxonomy":"post_tag","embeddable":true,"href":"https:\/\/blog.lapecera.ch\/index.php?rest_route=%2Fwp%2Fv2%2Ftags&post=272"}],"curies":[{"name":"wp","href":"https:\/\/api.w.org\/{rel}","templated":true}]}}