{"id":271,"date":"2009-04-27T14:25:00","date_gmt":"2009-04-27T12:25:00","guid":{"rendered":"http:\/\/lapecera.ch\/?p=271"},"modified":"2009-04-27T14:25:00","modified_gmt":"2009-04-27T12:25:00","slug":"eroicamente-acabada","status":"publish","type":"post","link":"https:\/\/blog.lapecera.ch\/?p=271","title":{"rendered":"&#8216;Eroica&#8217;mente acabada"},"content":{"rendered":"<p>El s\u00e1bado Christoph y yo fuimos a ver a la orquesta de c\u00e1mara de San Petersburgo tocar la tercera sinfon\u00eda de Beethoven (llamada Eroica) en el StadtCasino de Basel. Casi me lio a ostias con Christoph, despues de la primera parte en la que interpretaron una overtura y el concierto para viol\u00edn en re mayor, por llamarme inculta y compararme con Paris Hilton porque hab\u00eda estado leyendo durante el concierto (era eso o me quedaba dormida). Perd\u00f3n, porque estaba leyendo &#8220;Alas de fuego&#8221;, supongo que si hubiese estado leyendo una obra algo m\u00e1s seria <span style=\"font-size:78%;\">(aunque cuando le nombr\u00e9 a Anatole France, no sab\u00eda qui\u00e9n era y luego habla de incultura \u00ac\u00ac)<\/span>, igual no se enfadaba tanto&#8230; El caso es que la primera parte de mano me pareci\u00f3 algo mediocre (porque aunque Christoph no lo sepa, yo estaba escuchando, co\u00f1o), y esperaba con ganas la sinfon\u00eda en la segunda parte, pero por alguna raz\u00f3n rara se me qued\u00f3 en agua de borrajas. No son\u00f3 ni por asomo parecida a la grabaci\u00f3n que Christoph tiene en casa y pens\u00e9 que por muy bueno que fuese el equipo Hi-Fi en directo ten\u00eda que sonar mucho mejor&#8230; pero no fue as\u00ed. Son\u00f3 mediocre, como si no tuviesen ganas y se la pelase tocar para los cuatro gatos que nos juntamos en la sala para disfrutar de la m\u00fasica&#8230; Incluso, me pareci\u00f3 que se hab\u00edan equivocado un par de veces O____O No s\u00e9, fue una peque\u00f1a decepci\u00f3n y una nota mental en letras muy grande que dice: &#8220;No vuelvas a regalarle tickets a tu novio, que se los compre \u00e9l mismo, total no te va a dar las gracias y encima te echar\u00e1 la bronca por tener una percepci\u00f3n diferente de la m\u00fasica a la suya&#8221;.<\/p>\n<p><a href=\"http:\/\/www.lapecera.ch\/uploaded_images\/web-732141.jpg\" rel=\"example3\"><img decoding=\"async\" style=\"float:left; margin:0 10px 10px 0;cursor:pointer; cursor:hand;width: 200px; height: 198px;\" src=\"http:\/\/www.lapecera.ch\/uploaded_images\/web-732138.jpg\" border=\"0\" alt=\"\" \/><\/a>En fin&#8230; Lo que s\u00ed mol\u00f3 MUCHO, MUCHO, MUCHO, fue la hora que pas\u00e9 el domingo en el estudio de grabaci\u00f3n grabando &#8220;Warwick Avenue&#8221;. Las dos primeras veces sali\u00f3 algo chunga, pa la tercera me pidieron que fuera a escucharla con ellos a la mesa de mezclas. La cuarta y la quinta mejoraron, aunque me hizo gracia cuando Nino me dijo que &#8220;intentase hacer una versi\u00f3n arriesgada&#8221;&#8230; \u00a1Hemmm! Disculpa, pero \u00bfc\u00f3mo se hace eso? Pa la sexta me dejaron una silla alta para que me sentara y todo fue mucho mejor porque as\u00ed mis piernas dejaron de temblar intentando sujetar al cuerpo y pude relajar el ombligo&#8230; Cuando volv\u00ed a la mesa de mezclas con Evy y Nino, Nino le meti\u00f3 no s\u00e9 cu\u00e1ntos efectos a la grabaci\u00f3n y son\u00f3 de p*** madre O____O Luego volv\u00ed a intentarlo una s\u00e9ptima y una octava (con suspiro incluido, que gracioso qued\u00f3 dentro) vez y por \u00faltimo tuve que repetir el comienzo de la canci\u00f3n como cuatro o cinco veces, hasta que quedaron contentos&#8230; La grabaci\u00f3n evidentemente todav\u00eda no la tengo conmigo. Primero la tienen que pasar por el ordenador para que le haga un lavado, sobre todo de respiraciones profundas (es lo que tiene ir con catarro) y notas mal dadas <span style=\"font-size:85%;\">(sobre todo, cuando me daba por calar, que normalmente no lo oigo, pero hubo un par de veces que hasta yo lo o\u00ed)<\/span>; y luego ya me dar\u00e1n mi copia&#8230; Tengo ganas de escuchar el resultado final ^3^<\/p>\n<p>Y por lo dem\u00e1s, ayer acab\u00e9 &#8220;Alas de fuego&#8221; sentada sobre mi <a href=\"http:\/\/www.fatboy.com\/\" target=\"_blank\">Fatboy<\/a> y empec\u00e9 con &#8220;Alas negras&#8221;. El primero despu\u00e9s de releerlo ya no me gusta tanto, aunque sigue siendo mejor que todos los libros de Laura Gallego que he le\u00eddo hasta ahora y el otro, seg\u00fan apareci\u00f3 cierta persona, en lo primero que pens\u00e9 <span style=\"font-size:78%;\">(especialmente, cuando habla de ocultar <em>eso<\/em>)<\/span> fue en el Brel de Alexia xDDD De momento el personaje de Ahriel que era con diferencia el mejor personaje creado por la mano de Laura, en este nuevo libro me gusta bastante menos y me est\u00e1 decepcionando. La veo demasiado tonta, comport\u00e1ndose como una ni\u00f1a peque\u00f1a&#8230; pens\u00e9 que seguir\u00eda siendo fr\u00eda y segura (salvo cuando se mencionan determinados temas) como en el primer libro, pero me recuerda m\u00e1s a una adolescente impulsiva, que a una &#8220;ahriel&#8221;, <span style=\"font-size:85%;\">como dir\u00eda el Devastador<\/span>. Ha perdido su punto, me pregunto si volver\u00e1 a recuperarlo&#8230;<\/p>\n<p>Y na, voy a seguir trabajando, aunque no tenga ni p*** gana y est\u00e9 medio llorosa por culpa de la alergia \u00ac\u00ac<\/p>\n<p>Con esto y un bizcocho&#8230; Besos<br \/>Cris<\/p>\n","protected":false},"excerpt":{"rendered":"<p>El s\u00e1bado Christoph y yo fuimos a ver a la orquesta de c\u00e1mara de San Petersburgo tocar la tercera sinfon\u00eda de Beethoven (llamada Eroica) en el StadtCasino de Basel. Casi me lio a ostias con Christoph, despues de la primera parte en la que interpretaron una overtura y el concierto para viol\u00edn en re mayor, [&hellip;]<\/p>\n","protected":false},"author":3,"featured_media":0,"comment_status":"open","ping_status":"closed","sticky":false,"template":"","format":"standard","meta":{"footnotes":""},"categories":[],"tags":[],"class_list":["post-271","post","type-post","status-publish","format-standard","hentry"],"_links":{"self":[{"href":"https:\/\/blog.lapecera.ch\/index.php?rest_route=\/wp\/v2\/posts\/271","targetHints":{"allow":["GET"]}}],"collection":[{"href":"https:\/\/blog.lapecera.ch\/index.php?rest_route=\/wp\/v2\/posts"}],"about":[{"href":"https:\/\/blog.lapecera.ch\/index.php?rest_route=\/wp\/v2\/types\/post"}],"author":[{"embeddable":true,"href":"https:\/\/blog.lapecera.ch\/index.php?rest_route=\/wp\/v2\/users\/3"}],"replies":[{"embeddable":true,"href":"https:\/\/blog.lapecera.ch\/index.php?rest_route=%2Fwp%2Fv2%2Fcomments&post=271"}],"version-history":[{"count":0,"href":"https:\/\/blog.lapecera.ch\/index.php?rest_route=\/wp\/v2\/posts\/271\/revisions"}],"wp:attachment":[{"href":"https:\/\/blog.lapecera.ch\/index.php?rest_route=%2Fwp%2Fv2%2Fmedia&parent=271"}],"wp:term":[{"taxonomy":"category","embeddable":true,"href":"https:\/\/blog.lapecera.ch\/index.php?rest_route=%2Fwp%2Fv2%2Fcategories&post=271"},{"taxonomy":"post_tag","embeddable":true,"href":"https:\/\/blog.lapecera.ch\/index.php?rest_route=%2Fwp%2Fv2%2Ftags&post=271"}],"curies":[{"name":"wp","href":"https:\/\/api.w.org\/{rel}","templated":true}]}}