{"id":270,"date":"2009-04-24T16:45:00","date_gmt":"2009-04-24T14:45:00","guid":{"rendered":"http:\/\/lapecera.ch\/?p=270"},"modified":"2009-04-24T16:45:00","modified_gmt":"2009-04-24T14:45:00","slug":"fantasmas","status":"publish","type":"post","link":"https:\/\/blog.lapecera.ch\/?p=270","title":{"rendered":"Fantasmas"},"content":{"rendered":"<p>Anteayer me enter\u00e9 de que tengo una nueva lectora fantasma: \u00a1Hola Geli! Lo cual me recuerda que una antigua amiga del cole, Betty, y yo (que nos hemos vuelto a encontrar v\u00eda Feisbuk) estamos pensando en hacer una de esas <em>School Reunions<\/em> de esas que tanto les gustan a los americanos, pero a la espa\u00f1ola. De mano, yo he puesto a mi madre a investigar y la he mandao al colegio a que mueva sus contactos y me consiga la lista de alumnos de 6\u00b0C del curso 88\/89 *muajajaja* <\/p>\n<p><a href=\"http:\/\/www.lapecera.ch\/uploaded_images\/toulouse-787350.jpg\" rel=\"example3\"><img decoding=\"async\" style=\"float:right; margin:0 0 10px 10px;cursor:pointer; cursor:hand;width: 150px; height: 200px;\" src=\"http:\/\/www.lapecera.ch\/uploaded_images\/toulouse-787345.jpg\" border=\"0\" alt=\"\" \/><\/a>Aparte, ayer, D\u00eda del Libro, que mejor forma de festejarlo que yendo a una presentaci\u00f3n de uno, \u00bfno? Pues eso hicimos. Alex Capus, autor de Olten, presentaba en el <a href=\"http:\/\/www.schuetzi.ch\" start=\"_blank\">Sch\u00fctzi<\/a> su nuevo libro, &#8220;Der K\u00f6nig von Olten&#8221;, una colecci\u00f3n de relatos publicados en diferentes per\u00edodicos y revistas entre el 2002 y el 2009, todos ellos con Olten y sus habitantes como tema principal. \u00c9l mismo nos ley\u00f3 varios de los relatos (si se descuida nos lee el libro entero con lo peque\u00f1ito que es): uno de los mejores, el que cuenta sobre su madre y las cr\u00edticas que recibe normalmente de ella cada vez que publica un libro xDDD Al final me compr\u00e9 el libro y lo tengo firmado ^___^ Escuchar a este hombre leer sus relatos sobre la ciudad y su gente, ha vuelto a despertar el gusanillo de escribir&#8230; pero no s\u00e9 el qu\u00e9&#8230; Roger, Laura y Manuela siguen en la carpeta de ideas, pero no s\u00e9 qu\u00e9 hacer con ellos ahora que me he ido de Basel y de mi fuente de inspiraci\u00f3n&#8230; en fin&#8230; ya veremos que encuentro \ud83d\ude42<\/p>\n<p>Y ayer fui a Correos a recoger el env\u00edo de Emma con los libros &#8220;Alas de fuego&#8221; y &#8220;Alas negras&#8221; (que ha llegao con una esquina un poco <em>desgonci\u00e1<\/em>) *_____* \u00a1Qu\u00e9 bonitos son! Hoy he empezado a releer el primero, dejando de lado &#8220;Persuading Annie&#8221;, que igual retomo antes de ponerme con &#8220;Alas negras&#8221; para no darme un atrac\u00f3n de Ahriel&#8230; aunque como siga as\u00ed acabar\u00e9 comi\u00e9ndome los spoilers que me joder\u00e1n el libro&#8230; Lo estoy viendo, es lo que tiene moderar en el foro de la autora xDD Me trago spoilers sin quererlo hasta en el subforo de Se\u00f1ores (s\u00ed, ya s\u00e9 como acaba DVpeD, MdI&#8230; T-T).<\/p>\n<p>En fin&#8230; La semana que viene tengo que volver a hacerle un update a mi jefa sobre mi parte del proyecto Testissimo 2 y no he hecho nada (otra vez), a ver si me pongo el domingo cuando vuelva de cantar ^____^ Este fin de semana vamos a escuchar la tercera sinfon\u00eda de Beethoven, llamada &#8216;Eroica&#8217;, en el Stadtcasino Basel y el domingo tengo que volver otra vez a grabar en el estudio &#8220;Warwick Avenue&#8221;&#8230; ^____^ Ya os contar\u00e9 como sale la cosa&#8230; \u00a1Ah! Y me he puesto manos a la obra y estoy buscando banda por la zona de Olten y Aarau *___* Os mantendr\u00e9 informaos xDD<\/p>\n<p>Y ahora, ya me voy&#8230; <\/p>\n<p>Con esto y un bizcocho&#8230; Besos<br \/>Cris<\/p>\n<p>PS: Actualmente tengo casi, casi todos los libros que tengo en casa (que no en el sotano) metidos en www.anobii.com, y de la que los introduc\u00eda me he dao cuenta de que no s\u00e9 d\u00f3nde est\u00e1 &#8220;Sin noticias de Gurb&#8221; de Eduardo Mendoza. No hay ni rastro de \u00e9l. \u00bfSe lo he dejado a alguien? fO.o<\/p>\n","protected":false},"excerpt":{"rendered":"<p>Anteayer me enter\u00e9 de que tengo una nueva lectora fantasma: \u00a1Hola Geli! Lo cual me recuerda que una antigua amiga del cole, Betty, y yo (que nos hemos vuelto a encontrar v\u00eda Feisbuk) estamos pensando en hacer una de esas School Reunions de esas que tanto les gustan a los americanos, pero a la espa\u00f1ola. [&hellip;]<\/p>\n","protected":false},"author":3,"featured_media":0,"comment_status":"open","ping_status":"closed","sticky":false,"template":"","format":"standard","meta":{"footnotes":""},"categories":[],"tags":[],"class_list":["post-270","post","type-post","status-publish","format-standard","hentry"],"_links":{"self":[{"href":"https:\/\/blog.lapecera.ch\/index.php?rest_route=\/wp\/v2\/posts\/270","targetHints":{"allow":["GET"]}}],"collection":[{"href":"https:\/\/blog.lapecera.ch\/index.php?rest_route=\/wp\/v2\/posts"}],"about":[{"href":"https:\/\/blog.lapecera.ch\/index.php?rest_route=\/wp\/v2\/types\/post"}],"author":[{"embeddable":true,"href":"https:\/\/blog.lapecera.ch\/index.php?rest_route=\/wp\/v2\/users\/3"}],"replies":[{"embeddable":true,"href":"https:\/\/blog.lapecera.ch\/index.php?rest_route=%2Fwp%2Fv2%2Fcomments&post=270"}],"version-history":[{"count":0,"href":"https:\/\/blog.lapecera.ch\/index.php?rest_route=\/wp\/v2\/posts\/270\/revisions"}],"wp:attachment":[{"href":"https:\/\/blog.lapecera.ch\/index.php?rest_route=%2Fwp%2Fv2%2Fmedia&parent=270"}],"wp:term":[{"taxonomy":"category","embeddable":true,"href":"https:\/\/blog.lapecera.ch\/index.php?rest_route=%2Fwp%2Fv2%2Fcategories&post=270"},{"taxonomy":"post_tag","embeddable":true,"href":"https:\/\/blog.lapecera.ch\/index.php?rest_route=%2Fwp%2Fv2%2Ftags&post=270"}],"curies":[{"name":"wp","href":"https:\/\/api.w.org\/{rel}","templated":true}]}}