{"id":268,"date":"2009-04-22T08:50:00","date_gmt":"2009-04-22T06:50:00","guid":{"rendered":"http:\/\/lapecera.ch\/?p=268"},"modified":"2009-04-22T08:50:00","modified_gmt":"2009-04-22T06:50:00","slug":"el-dia-d-o-mejor-m","status":"publish","type":"post","link":"https:\/\/blog.lapecera.ch\/?p=268","title":{"rendered":"El d\u00eda D, o mejor, M"},"content":{"rendered":"<p>Lo prometido es deuda&#8230; Tengo demasiadas fotos de la mudanza, as\u00ed que para abreviar he hecho un gif animado con las m\u00e1s interesantes y de paso ya le echais un primer ojo al nuevo piso \ud83d\ude09<\/p>\n<p><img decoding=\"async\" src=\"http:\/\/www.lapecera.ch\/imagenesdelblog\/mudanza_300.gif\" border=\"0\" alt=\"\" \/><\/p>\n<p>Y para que ve\u00e1is que lo de las ara\u00f1as no es de co\u00f1a os dejo la foto de <a href=\"http:\/\/www.lapecera.ch\/lagorda.jpg\" rel=\"example3\">la m\u00e1s gorda<\/a> (cuidao, que es realmente asquerosa v.v). Luego Christoph se queja de que en vez de hacerle fotos a la gente que viene a visitarnos, le hago fotos a los bichos xDD En fin&#8230;<\/p>\n<p>Me voy pal sobre*, nenos \ud83d\ude09<\/p>\n<p>Con esto y un bizcocho&#8230; Besos<br \/>Cris<\/p>\n<p>PS: *El post lo escrib\u00ed ayer por la noche despu\u00e9s de pasarme hora y media colocando zapatos y lo puse para que se publicase hoy por la ma\u00f1ana&#8230;<\/p>\n","protected":false},"excerpt":{"rendered":"<p>Lo prometido es deuda&#8230; Tengo demasiadas fotos de la mudanza, as\u00ed que para abreviar he hecho un gif animado con las m\u00e1s interesantes y de paso ya le echais un primer ojo al nuevo piso \ud83d\ude09 Y para que ve\u00e1is que lo de las ara\u00f1as no es de co\u00f1a os dejo la foto de la [&hellip;]<\/p>\n","protected":false},"author":3,"featured_media":0,"comment_status":"open","ping_status":"closed","sticky":false,"template":"","format":"standard","meta":{"footnotes":""},"categories":[],"tags":[],"class_list":["post-268","post","type-post","status-publish","format-standard","hentry"],"_links":{"self":[{"href":"https:\/\/blog.lapecera.ch\/index.php?rest_route=\/wp\/v2\/posts\/268","targetHints":{"allow":["GET"]}}],"collection":[{"href":"https:\/\/blog.lapecera.ch\/index.php?rest_route=\/wp\/v2\/posts"}],"about":[{"href":"https:\/\/blog.lapecera.ch\/index.php?rest_route=\/wp\/v2\/types\/post"}],"author":[{"embeddable":true,"href":"https:\/\/blog.lapecera.ch\/index.php?rest_route=\/wp\/v2\/users\/3"}],"replies":[{"embeddable":true,"href":"https:\/\/blog.lapecera.ch\/index.php?rest_route=%2Fwp%2Fv2%2Fcomments&post=268"}],"version-history":[{"count":0,"href":"https:\/\/blog.lapecera.ch\/index.php?rest_route=\/wp\/v2\/posts\/268\/revisions"}],"wp:attachment":[{"href":"https:\/\/blog.lapecera.ch\/index.php?rest_route=%2Fwp%2Fv2%2Fmedia&parent=268"}],"wp:term":[{"taxonomy":"category","embeddable":true,"href":"https:\/\/blog.lapecera.ch\/index.php?rest_route=%2Fwp%2Fv2%2Fcategories&post=268"},{"taxonomy":"post_tag","embeddable":true,"href":"https:\/\/blog.lapecera.ch\/index.php?rest_route=%2Fwp%2Fv2%2Ftags&post=268"}],"curies":[{"name":"wp","href":"https:\/\/api.w.org\/{rel}","templated":true}]}}