{"id":266,"date":"2009-04-17T14:31:00","date_gmt":"2009-04-17T12:31:00","guid":{"rendered":"http:\/\/lapecera.ch\/?p=266"},"modified":"2009-04-17T14:31:00","modified_gmt":"2009-04-17T12:31:00","slug":"erase-una-vez-un-blog-y-su-bloggera","status":"publish","type":"post","link":"https:\/\/blog.lapecera.ch\/?p=266","title":{"rendered":"\u00c9rase una vez un blog y su bloggera"},"content":{"rendered":"<p>Lo s\u00e9, llevo semanas sin aparecer por aqu\u00ed, pero es que o bien estaba cansada, o bien ten\u00eda mucho trabajo, o bien me faltaban ganas e inspiraci\u00f3n para hacer una entrada. Hoy, que no es mucho m\u00e1s diferente que el resto de d\u00edas, se me ha pasado por la cabeza la idea de que quiz\u00e1 estar\u00eda bien simplemente dar se\u00f1ales de vida&#8230; Y aqu\u00ed estoy xDD<\/p>\n<p>Vamos a ir por partes cronol\u00f3gicamente:<\/p>\n<p><strong><span style=\"color:#c83e22;\">&#8211; 27 de marzo<\/span><\/strong>: si no llega a ser por Silvia y Mercedes, el s\u00e1bado por la ma\u00f1ana estaba todav\u00eda embalando \u00ac\u00ac \u00a1Muchas gracias, pesiosas!<\/p>\n<p><strong><span style=\"color:#c83e22;\">&#8211; 28 de marzo<\/span><\/strong>: cag\u00fcn too, y nos llovi\u00f3 pa la mudanza, as\u00ed es que se nos moj\u00f3 el colch\u00f3n&#8230; pero aparte de eso, no se rompi\u00f3 nada (salvo un vaso de chupito al desempaquetarlo). Nota &#8220;el mundo es un pa\u00f1uelo, cag\u00fcenlaleche&#8221;: el tipo que nos hizo la mudanza y Martin Hunn, el amigo de Christoph, se conoc\u00edan porque hab\u00edan trabajado juntos&#8230; O____O Y Thomas se hab\u00eda ofrecido para ayudar a subir las cosas en Basel, pero al final se vino con nosotros a Olten y all\u00ed sigui\u00f3 ayud\u00e1ndonos, \u00a1qu\u00e9 maj\u00edsimo que es este hombre! *______*<\/p>\n<p><strong><span style=\"color:#c83e22;\">&#8211; 29 de marzo<\/span><\/strong>: el sal\u00f3n y la cocina se convirtieron m\u00e1s o menos en habitables, y nuestra ropa ya estaba toda en el armario.<\/p>\n<p><strong><span style=\"color:#c83e22;\">&#8211; 30 y 31 de marzo<\/span><\/strong>: de la zeca a la meca para poner papeles en orden aqu\u00ed y all\u00e1. Todo qued\u00f3 hecho y el martes a mediod\u00eda ya estabamos registrados como ciudadanos de Olten&#8230;<\/p>\n<p><strong><span style=\"color:#c83e22;\">&#8211; 3, 4 y 5 de abril<\/span><\/strong>: mientras Christoph se iba a subir al pico m\u00e1s alto del cant\u00f3n Glaris, o sea, el T\u00f6di, yo me dedicaba a poner en orden la casa&#8230; y a pegarme con el armario de la habitaci\u00f3n de invitados que se descuajiling\u00f3 todo al moverlo de un lado al otro de la habitaci\u00f3n. Pa cuando Christoph lleg\u00f3 el domingo hecho un trapo de su excursi\u00f3n, el sal\u00f3n volv\u00eda a no ser habitable, pero oye, el estudio y la habitaci\u00f3n-trastero-hobbyraum-biblioteca estaban ordenada y casi todas las cajas ya vacias. No hablar\u00e9 de los francos que me gast\u00e9 ese s\u00e1bado de compras por Basel, pero s\u00ed, os cuento que me he comprado un vestido largo SUPER chulo *_____*<\/p>\n<p><strong><span style=\"color:#c83e22;\">&#8211; 10, 11, 12 y 13 de abril <\/span><\/strong>(m\u00e1s conocidos, como Semana Santa): no hablo sobre la semana porque no hay mucho que contar. El viernes Christoph y yo conseguimos acabar de poner en orden lo que nos quedaba. Adem\u00e1s, pude sacar todo del armario de la cocina y volver a meterlo con un m\u00ednimo de orden&#8230; por aquello de que estar\u00eda bien poder encontrar la comida cuando la necesitas&#8230; El s\u00e1bado nos fu\u00edmos de compras porque el domingo ven\u00eda la familia a hacer brunch, ya sab\u00e9is, Domingo de Resurrecci\u00f3n. Y el lunes&#8230; El lunes nos levantamos super tarde y no recuerdo que hiciesemos gran cosa xDD<\/p>\n<p>En general, la casa est\u00e1 muy bien, la terraza es una pasada porque puedes abrirla o cerrarla seg\u00fan tus necesidades (es por donde entraron los muebles el d\u00eda de la mudanza) y estamos bastante contentos con el resultado al completo. Hay cosas que no me gusta mucho: el lavavajillas es tirando a malejo (tan malo que la mitad de las veces las pastillas de Calgonit no se deshacen y hay que andar poni\u00e9ndolo de nuevo \u00ac\u00ac) a diferencia de la nevera, que es todo un lujo (sobre todo, si se compara con el lavavajillas barato v.v \u00bfes que no saben buscar un t\u00e9rmino medio?); como estamos en un piso bajo, tengo una colonia de ara\u00f1a estacionadas en la terraza a cual m\u00e1s grande y gorda, \u00a1puagh!; el suelo es de cer\u00e1mica oscuro y mate y no hay hijosumadre que lo limpie \u00ac\u00ac (de hecho, estuve a punto de cargarme el de la cocina y luego tuve que limpiarlo con estropajo y jab\u00f3n chimbo en mano de rodillas, \u00a1hala! en pleno siglo XXI y yo limpiando como La Cenicienta); el grifo de la cocina &#8211; yo quiero uno de esos que se pueden sacar como una ducha, lo echo de menos desde que nos fuimos de M\u00fcnchenstein T-T; la entrada y los ba\u00f1os son super oscuros v.v pero a todo se puede acostumbrar una xDDD<\/p>\n<p>Y hay fotos, de hecho tengo todo un reportaje de lo patas arriba que lleg\u00f3 a estar mi casa (las dos, la de Allschwil y la de Olten), cuando lo tenga preparadado, o sea, cuando me pueda sentar al ordenador y prepararlo, lo subir\u00e9 \ud83d\ude09<\/p>\n<p>Y ahora, me voy a ir preparando para pirarme a la velocidad de la luz de Z\u00fcrich&#8230; que hoy tenemos cena en casa para dar las gracias a los que nos ayudaron con la mudanza (Mercedes y Thomas, Silvia, Christin y Martin, los V\u00f6gelis y los Kochs, Migge no puede venir hoy) y todav\u00eda hay que preparar cosas =D<\/p>\n<p>Con esto y un bizcocho&#8230; Besos<br \/>Cris<\/p>\n","protected":false},"excerpt":{"rendered":"<p>Lo s\u00e9, llevo semanas sin aparecer por aqu\u00ed, pero es que o bien estaba cansada, o bien ten\u00eda mucho trabajo, o bien me faltaban ganas e inspiraci\u00f3n para hacer una entrada. Hoy, que no es mucho m\u00e1s diferente que el resto de d\u00edas, se me ha pasado por la cabeza la idea de que quiz\u00e1 [&hellip;]<\/p>\n","protected":false},"author":3,"featured_media":0,"comment_status":"open","ping_status":"closed","sticky":false,"template":"","format":"standard","meta":{"footnotes":""},"categories":[],"tags":[],"class_list":["post-266","post","type-post","status-publish","format-standard","hentry"],"_links":{"self":[{"href":"https:\/\/blog.lapecera.ch\/index.php?rest_route=\/wp\/v2\/posts\/266","targetHints":{"allow":["GET"]}}],"collection":[{"href":"https:\/\/blog.lapecera.ch\/index.php?rest_route=\/wp\/v2\/posts"}],"about":[{"href":"https:\/\/blog.lapecera.ch\/index.php?rest_route=\/wp\/v2\/types\/post"}],"author":[{"embeddable":true,"href":"https:\/\/blog.lapecera.ch\/index.php?rest_route=\/wp\/v2\/users\/3"}],"replies":[{"embeddable":true,"href":"https:\/\/blog.lapecera.ch\/index.php?rest_route=%2Fwp%2Fv2%2Fcomments&post=266"}],"version-history":[{"count":0,"href":"https:\/\/blog.lapecera.ch\/index.php?rest_route=\/wp\/v2\/posts\/266\/revisions"}],"wp:attachment":[{"href":"https:\/\/blog.lapecera.ch\/index.php?rest_route=%2Fwp%2Fv2%2Fmedia&parent=266"}],"wp:term":[{"taxonomy":"category","embeddable":true,"href":"https:\/\/blog.lapecera.ch\/index.php?rest_route=%2Fwp%2Fv2%2Fcategories&post=266"},{"taxonomy":"post_tag","embeddable":true,"href":"https:\/\/blog.lapecera.ch\/index.php?rest_route=%2Fwp%2Fv2%2Ftags&post=266"}],"curies":[{"name":"wp","href":"https:\/\/api.w.org\/{rel}","templated":true}]}}