{"id":265,"date":"2009-03-26T14:22:00","date_gmt":"2009-03-26T12:22:00","guid":{"rendered":"http:\/\/lapecera.ch\/?p=265"},"modified":"2009-03-26T14:22:00","modified_gmt":"2009-03-26T12:22:00","slug":"un-nino-con-zapatos-nuevos","status":"publish","type":"post","link":"https:\/\/blog.lapecera.ch\/?p=265","title":{"rendered":"Un ni\u00f1o con zapatos nuevos"},"content":{"rendered":"<p>Ayer Raphael (o Rafi como me lo llaman al pobre) cumpli\u00f3 2 a\u00f1itos y estuvimos en H\u00e4gendorf junto con el resto de la familia para celebrarlo. No es que disfrutara mucho de la fiesta porque soy unas ojeras con patas, pero mucha gracia me hizo ver a Raphael disfrutar con su regalo de cumplea\u00f1os: unos zapatos. S\u00ed, nunca hab\u00eda visto a un ni\u00f1o de 2 a\u00f1os alegrarse tanto por un par de zapatos&#8230; En cuanto los tuvo puesto sali\u00f3 corriendo por toda la casa dando grititos de alegr\u00eda, \u00a1una monada! *___*<\/p>\n<p><a href=\"http:\/\/www.lapecera.ch\/uploaded_images\/bolt_ver2-760943.jpg\" rel=\"example3\"><img decoding=\"async\" style=\"float:right; margin:0 0 10px 10px;cursor:pointer; cursor:hand;width: 141px; height: 200px;\" src=\"http:\/\/www.lapecera.ch\/uploaded_images\/bolt_ver2-760938.jpg\" border=\"0\" alt=\"\" \/><\/a>A dos d\u00edas de perpetrar la mudanza de Basel a Olten se me ocurren un mont\u00f3n de cosas que ya no podr\u00e9 hacer cuando me vaya de Allschwil y que seguro que echar\u00e9 de menos&#8230; y me dan ganas de no marcharme T-T Al mismo tiempo, cuando pienso que el martes lo tengo libre y que estar\u00e9 en Olten, no s\u00e9 me ocurre que hacer en ese pueblo (aparte de recoger cosas y desarmar cajas, claro). Creo que estoy demasiado acostumbrada a la ciudad&#8230; Igual me viene bien el cambio v.v<\/p>\n<p>En fin, todav\u00eda nos quedan todos los vasos y copas (\u00bfcomo se embalan copas? No recuerdo como lo hice la \u00faltima vez), toda la ropa de Christoph y gran parte de la mia y todos los ba\u00f1os por empaquetar. Y luego habr\u00e1 que desarmar los armarios y mirar a ver el <em>Keller<\/em> y&#8230; y&#8230; y&#8230; T-T El pron\u00f3stico del tiempo para el s\u00e1bado da agua(s mil), espero que no llueva justo cuando estemos sacando las cosas \u00ac\u00ac De todas formas, tengo planeado documentar la mudanza con mi c\u00e1mara nueva *muajajaja* as\u00ed la probar\u00e9 debidamente de una buena vez. Luego ya colgar\u00e9 las fotos en la web xDDD \u00a1Ah! Y a partir de ma\u00f1ana estaremos sin Internet hasta el pr\u00f3ximo lunes, suponiendo que todo salga bien, as\u00ed que no vus preocupeis si no me veis el pelo por aqu\u00ed o por el foro xDDD <\/p>\n<p>Por cierto, entre los viajes en tren y el fin de semana he visto todas las pelis y series que ten\u00eda en la PSP. Si tengo que recomendar una, me quedo con &#8220;Bolt&#8221; y, bueno, tal vez tambi\u00e9n con &#8220;Hellboy 2&#8221;, pero es que Bolt es tan mono y achuchable y Mittens, tan guay&#8230; que se me apetece saltarme la alergia y comprarme un perro o un gato o ambos ^____^ Todav\u00eda me falta &#8220;Wall-E&#8221; por ver, pero como est\u00e1 metida en una caja, la ver\u00e9 cuando ya est\u00e9 instalada en mi nueva casita&#8230; <\/p>\n<p>Y ahora os dejo, voy a seguir con los FETs y la preparaci\u00f3n de mi base de datos para instalar hoy por la tarde. <\/p>\n<p>Con esto y un bizcocho&#8230; Besos<br \/>Cris<\/p>\n","protected":false},"excerpt":{"rendered":"<p>Ayer Raphael (o Rafi como me lo llaman al pobre) cumpli\u00f3 2 a\u00f1itos y estuvimos en H\u00e4gendorf junto con el resto de la familia para celebrarlo. No es que disfrutara mucho de la fiesta porque soy unas ojeras con patas, pero mucha gracia me hizo ver a Raphael disfrutar con su regalo de cumplea\u00f1os: unos [&hellip;]<\/p>\n","protected":false},"author":3,"featured_media":0,"comment_status":"open","ping_status":"closed","sticky":false,"template":"","format":"standard","meta":{"footnotes":""},"categories":[],"tags":[],"class_list":["post-265","post","type-post","status-publish","format-standard","hentry"],"_links":{"self":[{"href":"https:\/\/blog.lapecera.ch\/index.php?rest_route=\/wp\/v2\/posts\/265","targetHints":{"allow":["GET"]}}],"collection":[{"href":"https:\/\/blog.lapecera.ch\/index.php?rest_route=\/wp\/v2\/posts"}],"about":[{"href":"https:\/\/blog.lapecera.ch\/index.php?rest_route=\/wp\/v2\/types\/post"}],"author":[{"embeddable":true,"href":"https:\/\/blog.lapecera.ch\/index.php?rest_route=\/wp\/v2\/users\/3"}],"replies":[{"embeddable":true,"href":"https:\/\/blog.lapecera.ch\/index.php?rest_route=%2Fwp%2Fv2%2Fcomments&post=265"}],"version-history":[{"count":0,"href":"https:\/\/blog.lapecera.ch\/index.php?rest_route=\/wp\/v2\/posts\/265\/revisions"}],"wp:attachment":[{"href":"https:\/\/blog.lapecera.ch\/index.php?rest_route=%2Fwp%2Fv2%2Fmedia&parent=265"}],"wp:term":[{"taxonomy":"category","embeddable":true,"href":"https:\/\/blog.lapecera.ch\/index.php?rest_route=%2Fwp%2Fv2%2Fcategories&post=265"},{"taxonomy":"post_tag","embeddable":true,"href":"https:\/\/blog.lapecera.ch\/index.php?rest_route=%2Fwp%2Fv2%2Ftags&post=265"}],"curies":[{"name":"wp","href":"https:\/\/api.w.org\/{rel}","templated":true}]}}