{"id":2507,"date":"2011-08-09T15:18:27","date_gmt":"2011-08-09T13:18:27","guid":{"rendered":"http:\/\/lapecera.ch\/?p=2507"},"modified":"2011-08-09T15:18:27","modified_gmt":"2011-08-09T13:18:27","slug":"vacaciones-de-cris-y-chris-ix-depresion-post-vacacional","status":"publish","type":"post","link":"https:\/\/blog.lapecera.ch\/?p=2507","title":{"rendered":"Vacaciones de Cris y Chris IX: Depresi\u00f3n post-vacacional"},"content":{"rendered":"<p>O m\u00e1s bien, pre-vacacional que vuelve en todo su auge. Tengo tantas, tantas cosas que hacer, que no se me apetece hacer ninguna (tampoco es que las haga, todo sea dicho de paso). S\u00f3lo se me apetece quedarme en casa y leer libros, cosa que no hice en las vacaciones, por cierto \u00ac\u00ac<\/p>\n<p>Las vacaciones, bien, gracias, un poco pasadas por agua al principio, pero soleadas al final. El \u00faltimo camping en el que estuvimos era super chulo. Podr\u00eda haberme quedado m\u00e1s tiempo por all\u00e1 abajo, pero las 12 horas de coche de la vuelta casi acaban conmigo v.v Os voy dejando aqu\u00ed un peque\u00f1o adelanto de las fotos que vendr\u00e1n.<br \/>\n<a href=\"http:\/\/lapecera.ch\/wp-content\/uploads\/2011\/08\/Picture-015.jpg\" rel=\"image\" title=\"El lago desde el camping\"><img loading=\"lazy\" decoding=\"async\" src=\"http:\/\/lapecera.ch\/wp-content\/uploads\/2011\/08\/Picture-015-200x200.jpg\" alt=\"\" title=\"Lac de St Croix\" width=\"200\" height=\"200\" class=\"alignnone size-medium wp-image-2508\" \/><\/a><a href=\"http:\/\/lapecera.ch\/wp-content\/uploads\/2011\/08\/Picture-022.jpg\" rel=\"image\" title=\"El Gran Canyon de Europa o lo que es lo mismo, las gargantas del Verdon\"><img loading=\"lazy\" decoding=\"async\" src=\"http:\/\/lapecera.ch\/wp-content\/uploads\/2011\/08\/Picture-022-200x200.jpg\" alt=\"\" title=\"Gorges du Verdon\" width=\"200\" height=\"200\" class=\"alignnone size-medium wp-image-2509\" \/><\/a><a href=\"http:\/\/lapecera.ch\/wp-content\/uploads\/2011\/08\/Picture-023.jpg\" rel=\"image\" title=\"Otra vista de la garganta\"><img loading=\"lazy\" decoding=\"async\" src=\"http:\/\/lapecera.ch\/wp-content\/uploads\/2011\/08\/Picture-023-200x200.jpg\" alt=\"\" title=\"Gorges\" width=\"200\" height=\"200\" class=\"alignnone size-medium wp-image-2511\" \/><\/a><a href=\"http:\/\/lapecera.ch\/wp-content\/uploads\/2011\/08\/Picture-025.jpg\" rel=\"image\" title=\"La puesta de sol desde el camping\"><img loading=\"lazy\" decoding=\"async\" src=\"http:\/\/lapecera.ch\/wp-content\/uploads\/2011\/08\/Picture-025-200x200.jpg\" alt=\"\" title=\"Sunset\" width=\"200\" height=\"200\" class=\"alignnone size-medium wp-image-2512\" \/><\/a><\/p>\n<p>Una vez llegados a casa y pasada la fiesta nacional, estuvimos de trabajos caseros, o sea, limpiando, pero tambi\u00e9n nos fuimos a hacer una via ferrata y a escalar cerca de Olten. El jueves llegaron Mar\u00eda y Sergio y el s\u00e1bado por la ma\u00f1ana despues de un peque\u00f1o problemilla con el horario de los autobuses partimos hacia el Tesino. Visitamos Lugano (entre otras cosas, una exposici\u00f3n en el Museo de Arte sobre Hugo Pratt) y Bellinzona (El castillo grande), en parte bajo la lluvia, en parte con un calor bochornoso agobiante. De vuelta a casa en el tren vimos algunas caidas de agua espectaculares, algunas de ellas especialmente violentas por la cantidad de agua que llevaban&#8230; Aqu\u00ed un par de fotejas de la via ferrata y del Tesino \ud83d\ude09<br \/>\n<a href=\"http:\/\/lapecera.ch\/wp-content\/uploads\/2011\/08\/Picture-047.jpg\" rel=\"image\" title=\"Edelweiss, la primera vez que las veo\"><img loading=\"lazy\" decoding=\"async\" src=\"http:\/\/lapecera.ch\/wp-content\/uploads\/2011\/08\/Picture-047-200x200.jpg\" alt=\"\" title=\"Edelweiss\" width=\"200\" height=\"200\" class=\"alignnone size-medium wp-image-2513\" \/><\/a><a href=\"http:\/\/lapecera.ch\/wp-content\/uploads\/2011\/08\/Picture-056.jpg\" rel=\"image\" title=\"La cascada de Engstligenalp vista desde abajo\"><img loading=\"lazy\" decoding=\"async\" src=\"http:\/\/lapecera.ch\/wp-content\/uploads\/2011\/08\/Picture-056-200x200.jpg\" alt=\"\" title=\"Engstligenalp\" width=\"200\" height=\"200\" class=\"alignnone size-medium wp-image-2514\" \/><\/a><a href=\"http:\/\/lapecera.ch\/wp-content\/uploads\/2011\/08\/Picture-059.jpg\" rel=\"image\" title=\"Otra vista de la cascada\"><img loading=\"lazy\" decoding=\"async\" src=\"http:\/\/lapecera.ch\/wp-content\/uploads\/2011\/08\/Picture-059-200x200.jpg\" alt=\"\" title=\"Cascada\" width=\"200\" height=\"200\" class=\"alignnone size-medium wp-image-2515\" \/><\/a><a href=\"http:\/\/lapecera.ch\/wp-content\/uploads\/2011\/08\/Picture-071.jpg\" rel=\"image\" title=\"El castillo de Bellinzona de noche\"><img loading=\"lazy\" decoding=\"async\" src=\"http:\/\/lapecera.ch\/wp-content\/uploads\/2011\/08\/Picture-071-200x200.jpg\" alt=\"\" title=\"Bellinzona\" width=\"200\" height=\"200\" class=\"alignnone size-medium wp-image-2516\" \/><\/a><\/p>\n<p>Y el lunes de vuelta al curro&#8230; T_____________T Y ahora, si me disculpan, me voy a sentar en un rinc\u00f3n y llorar mi mala suerte por no haber nacido rica. <\/p>\n<p>Otro d\u00eda vuelvo y os cuelgo las fotos del viaje que hice con la c\u00e1mara de verdad, que seguro que tienen mejor pinta que las hechas con el iPhone&#8230; Ahora mismo voy a secarme las l\u00e1grimas de amargura&#8230;<\/p>\n<p>Con esto y un bizcocho&#8230; Besos<br \/>\nCris<\/p>\n<p>PS: La canci\u00f3n del player es un descubrimiento de las vacaciones en Francia. Miss Cristipedia no sab\u00eda que Simple Plan eran de Canad\u00e1, de la parte francesa&#8230;<\/p>\n","protected":false},"excerpt":{"rendered":"<p>O m\u00e1s bien, pre-vacacional que vuelve en todo su auge. Tengo tantas, tantas cosas que hacer, que no se me apetece hacer ninguna (tampoco es que las haga, todo sea dicho de paso). S\u00f3lo se me apetece quedarme en casa y leer libros, cosa que no hice en las vacaciones, por cierto \u00ac\u00ac Las vacaciones, [&hellip;]<\/p>\n","protected":false},"author":3,"featured_media":0,"comment_status":"open","ping_status":"closed","sticky":false,"template":"","format":"standard","meta":{"footnotes":""},"categories":[],"tags":[],"class_list":["post-2507","post","type-post","status-publish","format-standard","hentry"],"_links":{"self":[{"href":"https:\/\/blog.lapecera.ch\/index.php?rest_route=\/wp\/v2\/posts\/2507","targetHints":{"allow":["GET"]}}],"collection":[{"href":"https:\/\/blog.lapecera.ch\/index.php?rest_route=\/wp\/v2\/posts"}],"about":[{"href":"https:\/\/blog.lapecera.ch\/index.php?rest_route=\/wp\/v2\/types\/post"}],"author":[{"embeddable":true,"href":"https:\/\/blog.lapecera.ch\/index.php?rest_route=\/wp\/v2\/users\/3"}],"replies":[{"embeddable":true,"href":"https:\/\/blog.lapecera.ch\/index.php?rest_route=%2Fwp%2Fv2%2Fcomments&post=2507"}],"version-history":[{"count":0,"href":"https:\/\/blog.lapecera.ch\/index.php?rest_route=\/wp\/v2\/posts\/2507\/revisions"}],"wp:attachment":[{"href":"https:\/\/blog.lapecera.ch\/index.php?rest_route=%2Fwp%2Fv2%2Fmedia&parent=2507"}],"wp:term":[{"taxonomy":"category","embeddable":true,"href":"https:\/\/blog.lapecera.ch\/index.php?rest_route=%2Fwp%2Fv2%2Fcategories&post=2507"},{"taxonomy":"post_tag","embeddable":true,"href":"https:\/\/blog.lapecera.ch\/index.php?rest_route=%2Fwp%2Fv2%2Ftags&post=2507"}],"curies":[{"name":"wp","href":"https:\/\/api.w.org\/{rel}","templated":true}]}}