{"id":2502,"date":"2011-07-23T12:11:04","date_gmt":"2011-07-23T10:11:04","guid":{"rendered":"http:\/\/lapecera.ch\/?p=2502"},"modified":"2011-07-23T12:11:04","modified_gmt":"2011-07-23T10:11:04","slug":"cerrado-por-vacaciones-2","status":"publish","type":"post","link":"https:\/\/blog.lapecera.ch\/?p=2502","title":{"rendered":"Cerrado por vacaciones"},"content":{"rendered":"<p>Como en Suiza hace un tiempo de mierda, nos vamos al Sur de Francia a hacer sabediosqu\u00e9 sabediosd\u00f3nde. <\/p>\n<p><a href=\"http:\/\/lapecera.ch\/wp-content\/uploads\/2011\/07\/cerrado.jpg\" rel=\"image\"><img loading=\"lazy\" decoding=\"async\" src=\"http:\/\/lapecera.ch\/wp-content\/uploads\/2011\/07\/cerrado-200x200.jpg\" alt=\"\" title=\"cerrado\" width=\"200\" height=\"200\" class=\"alignnone size-medium wp-image-2503\" \/><\/a><\/p>\n<p>No es que me apasione la idea de irme una semana de camping, en vez de s\u00f3lo cuatro d\u00edas, pero bueno&#8230; Esto puede acabar bien o en divorcio. Os contar\u00e9 todo a la vuelta, incluido el fin de semana de camping con la familia y el <em>team event<\/em> bajo la lluvia \ud83d\ude09 <\/p>\n<p>Con esto y un bizcocho&#8230; Besos<br \/>\nCris<\/p>\n","protected":false},"excerpt":{"rendered":"<p>Como en Suiza hace un tiempo de mierda, nos vamos al Sur de Francia a hacer sabediosqu\u00e9 sabediosd\u00f3nde. No es que me apasione la idea de irme una semana de camping, en vez de s\u00f3lo cuatro d\u00edas, pero bueno&#8230; Esto puede acabar bien o en divorcio. Os contar\u00e9 todo a la vuelta, incluido el fin [&hellip;]<\/p>\n","protected":false},"author":3,"featured_media":0,"comment_status":"open","ping_status":"closed","sticky":false,"template":"","format":"standard","meta":{"footnotes":""},"categories":[],"tags":[],"class_list":["post-2502","post","type-post","status-publish","format-standard","hentry"],"_links":{"self":[{"href":"https:\/\/blog.lapecera.ch\/index.php?rest_route=\/wp\/v2\/posts\/2502","targetHints":{"allow":["GET"]}}],"collection":[{"href":"https:\/\/blog.lapecera.ch\/index.php?rest_route=\/wp\/v2\/posts"}],"about":[{"href":"https:\/\/blog.lapecera.ch\/index.php?rest_route=\/wp\/v2\/types\/post"}],"author":[{"embeddable":true,"href":"https:\/\/blog.lapecera.ch\/index.php?rest_route=\/wp\/v2\/users\/3"}],"replies":[{"embeddable":true,"href":"https:\/\/blog.lapecera.ch\/index.php?rest_route=%2Fwp%2Fv2%2Fcomments&post=2502"}],"version-history":[{"count":0,"href":"https:\/\/blog.lapecera.ch\/index.php?rest_route=\/wp\/v2\/posts\/2502\/revisions"}],"wp:attachment":[{"href":"https:\/\/blog.lapecera.ch\/index.php?rest_route=%2Fwp%2Fv2%2Fmedia&parent=2502"}],"wp:term":[{"taxonomy":"category","embeddable":true,"href":"https:\/\/blog.lapecera.ch\/index.php?rest_route=%2Fwp%2Fv2%2Fcategories&post=2502"},{"taxonomy":"post_tag","embeddable":true,"href":"https:\/\/blog.lapecera.ch\/index.php?rest_route=%2Fwp%2Fv2%2Ftags&post=2502"}],"curies":[{"name":"wp","href":"https:\/\/api.w.org\/{rel}","templated":true}]}}