{"id":2488,"date":"2011-07-14T15:12:40","date_gmt":"2011-07-14T13:12:40","guid":{"rendered":"http:\/\/lapecera.ch\/?p=2488"},"modified":"2011-07-14T15:12:40","modified_gmt":"2011-07-14T13:12:40","slug":"lo-que-no-fue","status":"publish","type":"post","link":"https:\/\/blog.lapecera.ch\/?p=2488","title":{"rendered":"Lo que no fue"},"content":{"rendered":"<p>Lo primero es lo primero: \u00bfveis aqu\u00ed arriba a la derecha un par de botoncitos de &#8220;I like&#8221; y &#8220;1+&#8221;? Pues se agradece que los us\u00e9is cuando os guste lo que os cuento ^______^<\/p>\n<p><a href=\"http:\/\/lapecera.ch\/fotos\/2011\/stmoritz\/\" target=\"_blank\"><img loading=\"lazy\" decoding=\"async\" src=\"http:\/\/lapecera.ch\/wp-content\/uploads\/2011\/07\/img_0924-200x200.jpg\" alt=\"\" title=\"El lago de St. Moritz, nuestro destino\" width=\"200\" height=\"200\" class=\"alignright size-medium wp-image-2496\" \/><\/a>Sigamos con otros temas: No recuerdo si os cont\u00e9 que hace un par de meses en una tarde de tormenta de camino a casa tuve una idea feliz. La idea consist\u00eda en irme a la monta\u00f1a con <em>Las Maris<\/em>, o sea, las ni\u00f1as de Basel. Escog\u00ed una caba\u00f1a en la monta\u00f1a a la que era f\u00e1cil llegar. Se apuntaron todas O___O Hasta las que repudian a los insectos O_________O<\/p>\n<p>La semana antes del fin de semana en cuesti\u00f3n las previsiones del tiempo eran tan catastr\u00f3ficas que tuvimos que cancelar la reserva en la caba\u00f1a y buscar una alternativa. Christoph tambi\u00e9n tuvo que cancelar sus planes para ir al Wallis con Stefan, as\u00ed que decidimos buscar algo que hacer chicos y chicas. Encontramos sitio en el albergue juvenil de St. Moritz en el Engadin&#8230; y van las ni\u00f1as, y cancelan todas temiendo que fuera a llover (bueno, Taty habr\u00eda venido de no ser porque se puso enferma), as\u00ed que al final el fin de semana de las chicas en la monta\u00f1a se convirti\u00f3 en Stefan, Christoph y yo. Pues bien, el tiempo acompa\u00f1\u00f3 todo el fin de semana en el Engadin. Hizo sol y no cay\u00f3 ni una sola gota de agua. Las primeras lluvias las vimos al salir del tunel de Vereina. <\/p>\n<p>El programa del fin de semana fue el siguiente: el s\u00e1bado fuimos hasta Samedan donde cambiamos a un tren que en dos minutos nos dejo en el pueblo de al lado, Punt Muragl. De ah\u00ed subimos hasta Tegia Muragl y luego anduvimos hasta Unterer Schafberg donde comimos y tuve mi primera experiencia (que yo recuerde) con un toi-toi alpino (ver <a href=\"http:\/\/lapecera.ch\/say-cheese\">fotos<\/a>) xDD Desde ah\u00ed bajamos a Pontresina y en vez de coger el bus a St. Moritz los chicos decidieron andar hasta St. Moritz a trav\u00e9s del bosque. Yo me habr\u00eda sentado en una roca y no me habr\u00eda vuelto a mover. Mis pies estaban medio muertos. Por suerte a medio camino estaba el Lej da Staz donde refresqu\u00e9 un poquito mis extremidades para poder seguir andando. A las seis de la tarde llegamos al albergue de St. Moritz, que est\u00e1 muy chulo, recien renovado. <\/p>\n<p>Al d\u00eda siguiente cogimos el bus bien tempranito para ir hasta Maloja, al final del valle, y desde ah\u00ed subimos a una <em>H\u00f6henweg<\/em> que nos llevo a Grevasalvas, el pueblo donde rodaron la serie de Heidi, y luego desde ah\u00ed bajamos hasta Sils\/Segl donde cogimos el bus de vuelta a St. Moritz. A la 1 estabamos en el tren de vuelta a casa. <\/p>\n<p>A las 5 llegamos a Olten y nos fuimos directamente a casa de Disteli que nos invit\u00f3 a cenar. All\u00ed me duch\u00e9 y como nos estaba suficientemente cansada, estuve jugando a f\u00fatbol y a badminton con los ni\u00f1os hasta que decidieron que ya era hora de cenar. A las 9 y media los dej\u00e9 all\u00ed y yo me volv\u00ed pa casa. Christoph lleg\u00f3 a eso de las 11 xD<\/p>\n<p>Y eso fue todo el fin de semana. Estuvo muy guay y a partir del 23 lo repetir\u00e9 unas cuantas veces que nos vamos de vacaciones al Engadin de nuevo *____* El fin de semana de las chicas ha quedado aplazado hasta el 25 de septiembre, pero digo yo que si no quisieron venir esta vez por la amenaza de lluvia, en septiembre dudo mucho que la cosa mejore xDDD<\/p>\n<p>Y ahora voy a abrir <em>issues<\/em>, preparar una instalaci\u00f3n y hacerme a la idea de que voy a pasar un par de horas de pie en el concierto de Bon Jovi. <\/p>\n<p>Con esto y un bizcocho&#8230; Besos<br \/>\nCris<\/p>\n","protected":false},"excerpt":{"rendered":"<p>Lo primero es lo primero: \u00bfveis aqu\u00ed arriba a la derecha un par de botoncitos de &#8220;I like&#8221; y &#8220;1+&#8221;? Pues se agradece que los us\u00e9is cuando os guste lo que os cuento ^______^ Sigamos con otros temas: No recuerdo si os cont\u00e9 que hace un par de meses en una tarde de tormenta de [&hellip;]<\/p>\n","protected":false},"author":3,"featured_media":0,"comment_status":"open","ping_status":"closed","sticky":false,"template":"","format":"standard","meta":{"footnotes":""},"categories":[],"tags":[],"class_list":["post-2488","post","type-post","status-publish","format-standard","hentry"],"_links":{"self":[{"href":"https:\/\/blog.lapecera.ch\/index.php?rest_route=\/wp\/v2\/posts\/2488","targetHints":{"allow":["GET"]}}],"collection":[{"href":"https:\/\/blog.lapecera.ch\/index.php?rest_route=\/wp\/v2\/posts"}],"about":[{"href":"https:\/\/blog.lapecera.ch\/index.php?rest_route=\/wp\/v2\/types\/post"}],"author":[{"embeddable":true,"href":"https:\/\/blog.lapecera.ch\/index.php?rest_route=\/wp\/v2\/users\/3"}],"replies":[{"embeddable":true,"href":"https:\/\/blog.lapecera.ch\/index.php?rest_route=%2Fwp%2Fv2%2Fcomments&post=2488"}],"version-history":[{"count":0,"href":"https:\/\/blog.lapecera.ch\/index.php?rest_route=\/wp\/v2\/posts\/2488\/revisions"}],"wp:attachment":[{"href":"https:\/\/blog.lapecera.ch\/index.php?rest_route=%2Fwp%2Fv2%2Fmedia&parent=2488"}],"wp:term":[{"taxonomy":"category","embeddable":true,"href":"https:\/\/blog.lapecera.ch\/index.php?rest_route=%2Fwp%2Fv2%2Fcategories&post=2488"},{"taxonomy":"post_tag","embeddable":true,"href":"https:\/\/blog.lapecera.ch\/index.php?rest_route=%2Fwp%2Fv2%2Ftags&post=2488"}],"curies":[{"name":"wp","href":"https:\/\/api.w.org\/{rel}","templated":true}]}}