{"id":2448,"date":"2011-07-05T14:22:04","date_gmt":"2011-07-05T12:22:04","guid":{"rendered":"http:\/\/lapecera.ch\/?p=2448"},"modified":"2011-07-05T14:22:04","modified_gmt":"2011-07-05T12:22:04","slug":"loca","status":"publish","type":"post","link":"https:\/\/blog.lapecera.ch\/?p=2448","title":{"rendered":"Loca"},"content":{"rendered":"<p><img loading=\"lazy\" decoding=\"async\" src=\"http:\/\/lapecera.ch\/wp-content\/uploads\/2011\/07\/nike-200x133.jpg\" alt=\"\" title=\"nike\" width=\"200\" height=\"133\" class=\"alignright size-medium wp-image-2450\" \/>Har\u00e1 unos a\u00f1os \u2014o igual d\u00e9cadas\u2014, de la que Adidas y Nike empez\u00f3 a comercializar su ropa deportiva femenina en Espa\u00f1a, en la \u00e9poca en la que el <em>jogging<\/em> se puso de moda y empez\u00f3 a ser un deporte para mujeres activas (lo que hace el m\u00e1rketing, jez\u00fa), hab\u00eda un anuncio en la tele, que a m\u00ed se me qued\u00f3 grabado y a\u00fan no s\u00e9 muy bien porqu\u00e9. Quiz\u00e1 fuese porque me gust\u00f3 la idea de practicar deporte regularmente, algo que no hab\u00eda hecho nunca, o me gustase la chica del anuncio y lo guay que sal\u00eda con su ropa de correr, o quiz\u00e1 fuese ese gen deportivo que supuestamente tengo que me dota de buena coordinaci\u00f3n y equilibrio \ud83d\ude1b Lo dicho, no s\u00e9 porqu\u00e9 ser\u00eda pero lo recuerdo. <\/p>\n<p>El problema es que cuando he querido buscarlo, no he sido capaz de encontrarlo, as\u00ed que estoy empezando a pensar si no lo so\u00f1ar\u00eda o algo as\u00ed. As\u00ed que necesito de la colaboraci\u00f3n ciudadana: El anuncio mostraba a una chica corriendo por una ciudad en diferentes \u00e9pocas del a\u00f1o y una voz en <em>off <\/em>diciendo algo as\u00ed: \u00abSi corro cuando llueve, creen que estoy loca; si salgo cuando nieva, creen que estoy loca; si corro con 35\u00b0C a la sombra, creen que estoy loca&#8230;\u00bb. Por eso, lectores fantasmas, \u00bfalguien lo conoce o realmente estoy loca? fO.o<\/p>\n<p>Cambiando de tercio: Este fin de semana es el Wanderung con las ni\u00f1as\/maris, pero tal y como est\u00e1 el pron\u00f3stico del tiempo, me veo buscando una alternativa o nos vamos a mojar&#8230; aunque pens\u00e1ndolo bien, tampoco ser\u00eda para tanto&#8230; Ma\u00f1ana o el jueves veremos como est\u00e1n las cosas y decidiremos. <\/p>\n<p>Ayer fui a mi segunda clase de pilates y ya no tengo agujetas. El s\u00e1bado, despu\u00e9s de pilates a las 7h30 de la ma\u00f1ana y compras por Basel, estaba muertita y el domingo me dol\u00eda todo, pero hoy estoy como una lechuga&#8230; y por la tarde me voy a nadar a la <em>Badi <\/em>en Olten&#8230; Y ma\u00f1ana, al dentista T_______T Y el jueves, a Basel *_________* Y el viernes, a preparar mochilas&#8230; Y el s\u00e1bado, a la monta\u00f1a. Recen para que haga buen tiempo y de no ser tan bueno, al menos que llueva por la noche y no durante el d\u00eda \ud83d\ude1b<\/p>\n<p>Con esto y un bizcocho&#8230; Besos<br \/>\nCris<\/p>\n","protected":false},"excerpt":{"rendered":"<p>Har\u00e1 unos a\u00f1os \u2014o igual d\u00e9cadas\u2014, de la que Adidas y Nike empez\u00f3 a comercializar su ropa deportiva femenina en Espa\u00f1a, en la \u00e9poca en la que el jogging se puso de moda y empez\u00f3 a ser un deporte para mujeres activas (lo que hace el m\u00e1rketing, jez\u00fa), hab\u00eda un anuncio en la tele, que [&hellip;]<\/p>\n","protected":false},"author":3,"featured_media":0,"comment_status":"open","ping_status":"closed","sticky":false,"template":"","format":"standard","meta":{"footnotes":""},"categories":[],"tags":[],"class_list":["post-2448","post","type-post","status-publish","format-standard","hentry"],"_links":{"self":[{"href":"https:\/\/blog.lapecera.ch\/index.php?rest_route=\/wp\/v2\/posts\/2448","targetHints":{"allow":["GET"]}}],"collection":[{"href":"https:\/\/blog.lapecera.ch\/index.php?rest_route=\/wp\/v2\/posts"}],"about":[{"href":"https:\/\/blog.lapecera.ch\/index.php?rest_route=\/wp\/v2\/types\/post"}],"author":[{"embeddable":true,"href":"https:\/\/blog.lapecera.ch\/index.php?rest_route=\/wp\/v2\/users\/3"}],"replies":[{"embeddable":true,"href":"https:\/\/blog.lapecera.ch\/index.php?rest_route=%2Fwp%2Fv2%2Fcomments&post=2448"}],"version-history":[{"count":0,"href":"https:\/\/blog.lapecera.ch\/index.php?rest_route=\/wp\/v2\/posts\/2448\/revisions"}],"wp:attachment":[{"href":"https:\/\/blog.lapecera.ch\/index.php?rest_route=%2Fwp%2Fv2%2Fmedia&parent=2448"}],"wp:term":[{"taxonomy":"category","embeddable":true,"href":"https:\/\/blog.lapecera.ch\/index.php?rest_route=%2Fwp%2Fv2%2Fcategories&post=2448"},{"taxonomy":"post_tag","embeddable":true,"href":"https:\/\/blog.lapecera.ch\/index.php?rest_route=%2Fwp%2Fv2%2Ftags&post=2448"}],"curies":[{"name":"wp","href":"https:\/\/api.w.org\/{rel}","templated":true}]}}