{"id":244,"date":"2009-01-16T18:46:00","date_gmt":"2009-01-16T16:46:00","guid":{"rendered":"http:\/\/lapecera.ch\/?p=244"},"modified":"2009-01-16T18:46:00","modified_gmt":"2009-01-16T16:46:00","slug":"kika","status":"publish","type":"post","link":"https:\/\/blog.lapecera.ch\/?p=244","title":{"rendered":"Kika"},"content":{"rendered":"<p>El otro d\u00eda, mejor dicho, ayer descubr\u00ed que dos personajillos que de vez en cuando nadan en esta pecera han montado un blog que lleva tres meses danzando y a m\u00ed no me dijeron nada \u00ac\u00ac Imagino que mi escasez de comentarios, en general, (y ni que decir de los e-mails v.v) hace que la gente piense que no estoy, pero s\u00ed estoy, lo que pasa es que no puedo comentar, pero siempre leo, ya sea desde el iPhone, desde la empresa o desde casa. <\/p>\n<p>Pero, en fin, yo no ven\u00eda aqu\u00ed a hablar de eso&#8230; Ains, que se me va la pinza por los cerros de \u00dabeda&#8230;<\/p>\n<p>Resulta que el otro d\u00eda, en un momento de &#8220;agh, no tengo ganas de hacer lo que debo hacer&#8221;, me dio por pasearme por la web de los cines de Basel para descubrir que en alg\u00fan momento de este a\u00f1o se estrenar\u00e1 <a href=\"http:\/\/www.imdb.com\/title\/tt1176731\/\" target=\"_blank\">Hexe Lilli, der Drache und das magische Buch<\/a>. \u00bfQue qui\u00e9n es esa &#8220;Hexe Lilli&#8221;? Mi hermana la conoce muy bien porque de peque\u00f1a se ley\u00f3 todos sus libros (o al menos, los que hab\u00eda entonces publicados). Estoy hablando de <a href=\"http:\/\/www.lauragallego.com\/phpBB2\/viewtopic.php?t=33311\" target=\"_blank\">Kika Superbruja<\/a> de Knister. S\u00ed, se\u00f1ores y se\u00f1oras, Kika Superbruja tiene pel\u00edcula y \u00a1oye!, no es una pel\u00edcula cualquiera con un presupuesto de pacotilla. No, no&#8230; Siendo alemana y teniendo en cuenta la tecnolog\u00eda que usan en ella, es casi de altos vuelos, desde luego una gran apuesta de la productora para este a\u00f1o. Curioso es que entre el elenco se encuentre a Pilar Bardem&#8230; O.o Por otro lado, el drag\u00f3n Hektor, generado por ordenador, es mon\u00edsimo y parlanch\u00edn, tan parlanch\u00edn que habla con la voz de Michael Mittermeier, uno de los c\u00f3micos cabaretistas m\u00e1s populares en Alemania. He aqu\u00ed el trailer (s\u00f3lo lo he encontrado en alem\u00e1n, no creo que lo haya en ning\u00fan otro idioma de momento v.v).<\/p>\n<p><object width=\"425\" height=\"264\"><param name=\"movie\" value=\"http:\/\/www.youtube.com\/v\/uSmdm6kNKKs&#038;hl=en&#038;fs=1&#038;color1=0x5d1719&#038;color2=0xcd311b\"><\/param><param name=\"allowFullScreen\" value=\"true\"><\/param><param name=\"allowscriptaccess\" value=\"always\"><\/param><embed src=\"http:\/\/www.youtube.com\/v\/uSmdm6kNKKs&#038;hl=en&#038;fs=1&#038;color1=0x5d1719&#038;color2=0xcd311b\" type=\"application\/x-shockwave-flash\" allowscriptaccess=\"always\" allowfullscreen=\"true\" width=\"425\" height=\"264\"><\/embed><\/object><\/p>\n<p>Si tengo oportunidad de hacerme con ella y verla, ya os contar\u00e9. El trailer, de mano, tiene buena pinta y me ha gustado&#8230; Otro d\u00eda volver\u00e9 por aqu\u00ed y os hablar\u00e9 de pel\u00edculas alemanas m\u00e1s serias (o no), pero hoy le tocaba al cine infantil.<\/p>\n<p>\u00a1Hala, ah\u00ed os qued\u00e1is!<\/p>\n<p>Con esto y un bizcocho&#8230; Besos<br \/>Cris<\/p>\n","protected":false},"excerpt":{"rendered":"<p>El otro d\u00eda, mejor dicho, ayer descubr\u00ed que dos personajillos que de vez en cuando nadan en esta pecera han montado un blog que lleva tres meses danzando y a m\u00ed no me dijeron nada \u00ac\u00ac Imagino que mi escasez de comentarios, en general, (y ni que decir de los e-mails v.v) hace que la [&hellip;]<\/p>\n","protected":false},"author":3,"featured_media":0,"comment_status":"open","ping_status":"closed","sticky":false,"template":"","format":"standard","meta":{"footnotes":""},"categories":[],"tags":[],"class_list":["post-244","post","type-post","status-publish","format-standard","hentry"],"_links":{"self":[{"href":"https:\/\/blog.lapecera.ch\/index.php?rest_route=\/wp\/v2\/posts\/244","targetHints":{"allow":["GET"]}}],"collection":[{"href":"https:\/\/blog.lapecera.ch\/index.php?rest_route=\/wp\/v2\/posts"}],"about":[{"href":"https:\/\/blog.lapecera.ch\/index.php?rest_route=\/wp\/v2\/types\/post"}],"author":[{"embeddable":true,"href":"https:\/\/blog.lapecera.ch\/index.php?rest_route=\/wp\/v2\/users\/3"}],"replies":[{"embeddable":true,"href":"https:\/\/blog.lapecera.ch\/index.php?rest_route=%2Fwp%2Fv2%2Fcomments&post=244"}],"version-history":[{"count":0,"href":"https:\/\/blog.lapecera.ch\/index.php?rest_route=\/wp\/v2\/posts\/244\/revisions"}],"wp:attachment":[{"href":"https:\/\/blog.lapecera.ch\/index.php?rest_route=%2Fwp%2Fv2%2Fmedia&parent=244"}],"wp:term":[{"taxonomy":"category","embeddable":true,"href":"https:\/\/blog.lapecera.ch\/index.php?rest_route=%2Fwp%2Fv2%2Fcategories&post=244"},{"taxonomy":"post_tag","embeddable":true,"href":"https:\/\/blog.lapecera.ch\/index.php?rest_route=%2Fwp%2Fv2%2Ftags&post=244"}],"curies":[{"name":"wp","href":"https:\/\/api.w.org\/{rel}","templated":true}]}}