{"id":2434,"date":"2011-06-23T12:19:39","date_gmt":"2011-06-23T10:19:39","guid":{"rendered":"http:\/\/lapecera.ch\/?p=2434"},"modified":"2011-06-23T12:19:39","modified_gmt":"2011-06-23T10:19:39","slug":"dia-29-una-cancion-de-mi-infancia","status":"publish","type":"post","link":"https:\/\/blog.lapecera.ch\/?p=2434","title":{"rendered":"[D\u00eda 29] Una canci\u00f3n de mi infancia"},"content":{"rendered":"<blockquote><p>Oye, hermanita, quiero contarte<br \/>\nquiero pedirte que me aconsejes<br \/>\nyo necesito que t\u00fa me ayudes<br \/>\ntengo un problema y no s\u00e9 que hacer<\/p><\/blockquote>\n<p><strong><span style=\"font-size: 120%;\"><em>El Primer Amor<\/em><\/span><br \/>\nTito y Tita<\/strong><br \/>\n<span style=\"font-size: 75%;\"><b>\u00c1lbum:<\/b> <em>El Primer Amor<\/em> (1979)<\/span><\/p>\n<p><iframe loading=\"lazy\" width=\"580\" height=\"115\" src=\"http:\/\/www.goear.com\/embed\/sound\/85ca20b\" marginheight=\"0\" align=\"top\" scrolling=\"no\" frameborder=\"0\" hspace=\"0\" vspace=\"0\" allowfullscreen><\/iframe><\/p>\n<p>No tengo mucho m\u00e1s que decir xDDDD Me pas\u00e9 a\u00f1os cantando a Parch\u00eds, a Tito y Tita y a Enrique y Ana. Esas ser\u00edan las canciones de mi infancia, pero mi preferida siempre fue <em>Primer amor<\/em> de Tito y Tita, ya de peque\u00f1a me tiraban las rancheras y eso que no son mexicanos, que yo sepa xDDD<\/p>\n<p>Con esto y un bizcocho&#8230; Besos<br \/>\nCris<\/p>\n","protected":false},"excerpt":{"rendered":"<p>Oye, hermanita, quiero contarte quiero pedirte que me aconsejes yo necesito que t\u00fa me ayudes tengo un problema y no s\u00e9 que hacer El Primer Amor Tito y Tita \u00c1lbum: El Primer Amor (1979) No tengo mucho m\u00e1s que decir xDDDD Me pas\u00e9 a\u00f1os cantando a Parch\u00eds, a Tito y Tita y a Enrique y [&hellip;]<\/p>\n","protected":false},"author":3,"featured_media":0,"comment_status":"open","ping_status":"closed","sticky":false,"template":"","format":"standard","meta":{"footnotes":""},"categories":[],"tags":[],"class_list":["post-2434","post","type-post","status-publish","format-standard","hentry"],"_links":{"self":[{"href":"https:\/\/blog.lapecera.ch\/index.php?rest_route=\/wp\/v2\/posts\/2434","targetHints":{"allow":["GET"]}}],"collection":[{"href":"https:\/\/blog.lapecera.ch\/index.php?rest_route=\/wp\/v2\/posts"}],"about":[{"href":"https:\/\/blog.lapecera.ch\/index.php?rest_route=\/wp\/v2\/types\/post"}],"author":[{"embeddable":true,"href":"https:\/\/blog.lapecera.ch\/index.php?rest_route=\/wp\/v2\/users\/3"}],"replies":[{"embeddable":true,"href":"https:\/\/blog.lapecera.ch\/index.php?rest_route=%2Fwp%2Fv2%2Fcomments&post=2434"}],"version-history":[{"count":0,"href":"https:\/\/blog.lapecera.ch\/index.php?rest_route=\/wp\/v2\/posts\/2434\/revisions"}],"wp:attachment":[{"href":"https:\/\/blog.lapecera.ch\/index.php?rest_route=%2Fwp%2Fv2%2Fmedia&parent=2434"}],"wp:term":[{"taxonomy":"category","embeddable":true,"href":"https:\/\/blog.lapecera.ch\/index.php?rest_route=%2Fwp%2Fv2%2Fcategories&post=2434"},{"taxonomy":"post_tag","embeddable":true,"href":"https:\/\/blog.lapecera.ch\/index.php?rest_route=%2Fwp%2Fv2%2Ftags&post=2434"}],"curies":[{"name":"wp","href":"https:\/\/api.w.org\/{rel}","templated":true}]}}