{"id":242,"date":"2009-01-12T20:08:00","date_gmt":"2009-01-12T18:08:00","guid":{"rendered":"http:\/\/lapecera.ch\/?p=242"},"modified":"2009-01-12T20:08:00","modified_gmt":"2009-01-12T18:08:00","slug":"ano-nuevo-entrada-nueva-iv","status":"publish","type":"post","link":"https:\/\/blog.lapecera.ch\/?p=242","title":{"rendered":"A\u00f1o Nuevo, Entrada Nueva IV"},"content":{"rendered":"<p>\u00a1Hola a todos y feliz a\u00f1o!<\/p>\n<p>Ya he vuelto a Suiza, al trabajo, al fr\u00edo (de ese de pingar el mocu literalmente)&#8230;<\/p>\n<p>Dos semanas en Asturias dieron pa bastante, pero como no quiero aburrios, abreviar\u00e9 (si puedo):<\/p>\n<p><img decoding=\"async\" style=\"float:right; margin:0 0 10px 10px;cursor:pointer; cursor:hand;width: 200px; height: 134px;\" src=\"http:\/\/www.lapecera.ch\/uploaded_images\/DSC_1971-740967.JPG\" border=\"0\" alt=\"\" \/><strong>1. La cena internacional:<\/strong> Tema de este a\u00f1o: Marruecos. Y tuvimos hasta pan original. La pena es que soy idiota y se me olvidaron las aceitunas en el pollo y la mantequilla en el couscous, pero, \u00a1oye! Se lo comieron igualmente xDDD Este a\u00f1o en vez de matarnos con regalos de amigo invisible, organizamos el amigo invisible de los trastos. \u00bfEn qu\u00e9 consiste?Pues en vez de romperte el tarro pensando en qu\u00e9 regalar, pillas el trasto mas feo, in\u00fatil, viejo y\/o cursi que tengas por casa, et voil\u00e0, ya tienes regalo. Los AI los sorteamos directamente el d\u00eda de la cena, con tan buena suerte que algunos quedaron encantaos, lease Maria con su libreta, Javi con su pompero o Carlos con su lancha hinchable, y otros a cuadros, por ejemplo, Sergio con la colecci\u00f3n de llaveros, Elena con el pedazo volante in\u00fatil pa jugar al ordenador, Mar\u00eda S. con su gu\u00eda de San Sebastian (por la precision de la suerte que parec\u00eda que supiese que ella anda por los Bilbaos) o yo misma con mi bola del mundo de la \u00e9poca de las dos Alemanias y la URSS xDD Para el a\u00f1o que viene hemos introducido una nueva norma: no vale traer el trasto del a\u00f1o anterior xDD<\/p>\n<p><strong>2. Reyes: <\/strong>generosos ellos como pocos me han tra\u00eddo un mont\u00f3n de libros, entre ellos, la edici\u00f3n especial de &#8220;Corto Maltes. Mu&#8221; y las ediciones en tapa dura de &#8220;Nils Holgerson&#8221; y &#8220;La princesa prometida&#8221; (est\u00e1n de camino). Aparte, tambi\u00e9n tuve un boli chulo 4-en-1 de rotring y el Trivial Pursuit mas modelno de toos. Bueno, y pap\u00e1 noel se olvid\u00f3 en casa el d\u00eda de Navidad un sistema de hidrataci\u00f3n (o como se llame) para la mochila, el calendario de NICHTLUSTIG y un libro.<\/p>\n<p><strong>3. El resto: <\/strong>en Nochevieja salimos con Emma y Elena, pero volvimos a casa prontito. En el Corral de la Pacheca estaban poniendo una m\u00fasica muuuu rara fO.o Christoph se fue de monte tres veces una de ellas le acompa\u00f1amos Ele y yo para acabar hasta las narices de los p*** espinos T-T Tuve visitas al oculista y al dentista (que no me dej\u00f3 del todo bien, me duele la muela cuando me paso la seda v.v) y a la pelu, por supuesto. Ahora llevo el pelo colorao ^_^<\/p>\n<p><strong>4. Los viajes: <\/strong>una cosa que he descubierto estas vacaciones es que no estoy hecha para viajar en avi\u00f3n. A lo mejor si fuese tan petite como Maria llevar\u00eda mejor lo del sitio reducido, pero lo que est\u00e1 claro es que en el futuro ser\u00e1 dif\u00edcil meterme en un aparato de esos por un tiempo superior a 2 horas.<\/p>\n<p>Otra cosa de la que me he percatado en este viaje es que los coches cuanto menos gadgets tengan mejor pa m\u00ed. Soy capaz, normalmente, de hacer dos cosas a la vez poniendo el m\u00e1ximo de atenci\u00f3n disponible en ambas, pero, si en un Audi A3 intento cambiar la velocidad del tempomat, activar el limpiaparabrisas y al mismo tiempo fijarme por qu\u00e9 carril de la carretera voy, no puedo. O me estoy haciendo vieja o es la falta de pr\u00e1ctica o ambas, pero vamos que el otro d\u00eda casi me la doy. Y si a eso a\u00f1adimos, el hecho irrefutable de que las autopistas espa\u00f1olas est\u00e1n hechas de plastilina (en el mejor de los casos, de FIMO), acab\u00e1ramos&#8230; Y ni que decir de la nieve tipo meiga (por aquello de que &#8220;haberla, haila&#8221;, pero no en Madrid) o la maquinaria invernal invisible que esta constantemente trabajando xDDDD<\/p>\n<p>El caso es que el Audi A3 mol\u00f3 un g\u00fcevo, pero he quedao s\u00faper decepcionada con Easyjet. Antes se dejaban de trajecitos y moner\u00edas para el personal de vuelo y eran m\u00e1s puntuales y amables (me toc\u00f3 la tipa borde en el check-in), pero cuanto m\u00e1s quieren parecerse a una compania a\u00e9rea tradicional, m\u00e1s la cagan \u00f2.\u00f3 Hora y media a la ida, tres horas a la vuelta y encima se atreven a decirme que mi peque\u00f1o bolso es equipaje de mano, mola, \u00bfno?<\/p>\n<p>En fin, eso es todo. Hoy he vuelto al trabajo y estuve todo el d\u00eda descolocada. No recordaba qu\u00e9 ten\u00eda que hacer ni c\u00f3mo hacerlo y las conversaciones sobre Avaloq me sonaban a chino mandar\u00edn. Espero que mejore en los pr\u00f3ximos d\u00edas o necesitare de nuevo vacaciones xDD<\/p>\n<p>Con esto y un bizcocho&#8230; Besos<br \/>Cris<\/p>\n","protected":false},"excerpt":{"rendered":"<p>\u00a1Hola a todos y feliz a\u00f1o! Ya he vuelto a Suiza, al trabajo, al fr\u00edo (de ese de pingar el mocu literalmente)&#8230; Dos semanas en Asturias dieron pa bastante, pero como no quiero aburrios, abreviar\u00e9 (si puedo): 1. La cena internacional: Tema de este a\u00f1o: Marruecos. Y tuvimos hasta pan original. La pena es que [&hellip;]<\/p>\n","protected":false},"author":3,"featured_media":0,"comment_status":"open","ping_status":"closed","sticky":false,"template":"","format":"standard","meta":{"footnotes":""},"categories":[],"tags":[],"class_list":["post-242","post","type-post","status-publish","format-standard","hentry"],"_links":{"self":[{"href":"https:\/\/blog.lapecera.ch\/index.php?rest_route=\/wp\/v2\/posts\/242","targetHints":{"allow":["GET"]}}],"collection":[{"href":"https:\/\/blog.lapecera.ch\/index.php?rest_route=\/wp\/v2\/posts"}],"about":[{"href":"https:\/\/blog.lapecera.ch\/index.php?rest_route=\/wp\/v2\/types\/post"}],"author":[{"embeddable":true,"href":"https:\/\/blog.lapecera.ch\/index.php?rest_route=\/wp\/v2\/users\/3"}],"replies":[{"embeddable":true,"href":"https:\/\/blog.lapecera.ch\/index.php?rest_route=%2Fwp%2Fv2%2Fcomments&post=242"}],"version-history":[{"count":0,"href":"https:\/\/blog.lapecera.ch\/index.php?rest_route=\/wp\/v2\/posts\/242\/revisions"}],"wp:attachment":[{"href":"https:\/\/blog.lapecera.ch\/index.php?rest_route=%2Fwp%2Fv2%2Fmedia&parent=242"}],"wp:term":[{"taxonomy":"category","embeddable":true,"href":"https:\/\/blog.lapecera.ch\/index.php?rest_route=%2Fwp%2Fv2%2Fcategories&post=242"},{"taxonomy":"post_tag","embeddable":true,"href":"https:\/\/blog.lapecera.ch\/index.php?rest_route=%2Fwp%2Fv2%2Ftags&post=242"}],"curies":[{"name":"wp","href":"https:\/\/api.w.org\/{rel}","templated":true}]}}