{"id":2415,"date":"2011-06-20T15:40:12","date_gmt":"2011-06-20T13:40:12","guid":{"rendered":"http:\/\/lapecera.ch\/?p=2415"},"modified":"2011-06-20T15:40:12","modified_gmt":"2011-06-20T13:40:12","slug":"dia-26-una-cancion-que-se-tocar-con-algun-instrumento","status":"publish","type":"post","link":"https:\/\/blog.lapecera.ch\/?p=2415","title":{"rendered":"[D\u00eda 26] Una canci\u00f3n que s\u00e9 tocar con alg\u00fan instrumento"},"content":{"rendered":"<p>\u00a1Hmmm! Sonar\u00e1 un poco triste pero es que lo \u00fanico que s\u00e9 tocar con la guitarra son canciones de la tuna v.v Y paso de poner aqu\u00ed un v\u00eddeo de la tuna tocando <em>Clavelitos<\/em> \u00ac\u00ac As\u00ed que hoy os toca volver a aguantarme cont\u00e1ndoos mi fin de semana&#8230; que fue de lo menos emocionante.<\/p>\n<p>Empezando porque el s\u00e1bado se la pas\u00f3 lloviendo, yo tuve que ir a Correos y acab\u00e9 empapadilla (y eso que llevaba paraguas). Pero no todo fue tan malo como suena, despu\u00e9s de todo di unas cuantas vueltitas por la ciudad, me prob\u00e9 zapatos y ropa, me compr\u00e9 una camisola de color verde mu chula y el tomo 12 de NGE&#8230; Cuando volv\u00ed a casa, saqu\u00e9 mi m\u00e1quina de coser y me puse manos a la obra a hacer una bolsa de la merienda, porque tengo tanta tela de Ikea en casa que quer\u00eda usar para hacer ropa, que no voy a hacer, que ahora lo \u00fanico que se me ocurre hacer son bolsas&#8230; As\u00ed que si a alguien se le apetece una bolsa para la merienda, que levante la mano. <\/p>\n<p>En fin, el caso es que sali\u00f3 esto:<\/p>\n<p><a href=\"http:\/\/lapecera.ch\/wp-content\/uploads\/2011\/06\/bolsa.jpg\" rel=\"example3\"><img loading=\"lazy\" decoding=\"async\" src=\"http:\/\/lapecera.ch\/wp-content\/uploads\/2011\/06\/bolsa-200x200.jpg\" alt=\"\" title=\"bolsa\" width=\"200\" height=\"200\" class=\"alignnone size-medium wp-image-2416\" \/><\/a><\/p>\n<p>Las costuras son demasiado grandes y cacho para meter el cord\u00f3n es enooooorme, pero no se me apetece deshacerla para repararlo, antes hago una nueva que acabo antes. Mi maquina de coser me engancha la tela, lo cual no ayuda a que quiera seguir con el oficio de costurera. No s\u00e9 si es porque la aguja era muy gorda o porque la m\u00e1quina es mu vieja y ya no funciona bien v.v pero me pas\u00e9 todo el rato tirando del g\u00e9nero para que no me lo arrugara y me lo estropeara todo (n\u00f3tese que cuando dije en voz alta que ten\u00eda que comprarme una nueva, Christoph grit\u00f3 desde el otro lado de la casa algo as\u00ed como \u00abni se te ocurra\u00bb xDD). Eso fue todo lo que hice el s\u00e1bado&#8230;<\/p>\n<p>Eso y empezar <em><a href=\"http:\/\/www.goodreads.com\/book\/show\/7664735-flawless\" target=\"_blank\"><em>Flawless<\/em><\/a> <\/em>de Lara Chapman, que termin\u00e9 el domingo antes de irme a la cama&#8230; Cyrano de Bergerac en versi\u00f3n moderna y con una adolescente de nariz enorme en un instituto americano, en vez de un poeta franc\u00e9s del S. XVII, y sin el final tr\u00e1gico, por supuesto.<\/p>\n<p>El domingo ten\u00edamos planeado ir a escalar, pero cuando Christoph ten\u00eda ya todo preparado y s\u00f3lo esperaba a la hora correcta para salir a coger el tren&#8230; \u00a1Choff! Empieza a llover. Dominik nos llam\u00f3 (la idea era ir con \u00e9l y los ni\u00f1os a escalar) y nos ofreci\u00f3 ir al cine a ver <a href=\"http:\/\/www.imdb.com\/title\/tt1436562\/\" target=\"_blank\"><em>Rio<\/em><\/a>&#8230; Y p&#8217;all\u00e1 nos fuimos&#8230; Y la verdad, es una peli genial, muy recomendable \ud83d\ude42 Despu\u00e9s del cine nos invitaron a cenar en casa de los V\u00f6gelis, donde estuvimos viendo parte de <a href=\"http:\/\/www.imdb.com\/title\/tt1167599\/\" target=\"_blank\"><em>Wickie und die starken M\u00e4nner<\/em><\/a>. Christoph acab\u00f3 llev\u00e1ndosela a casa (un gran sacrifio de los ni\u00f1os, que no quer\u00edan prest\u00e1rsela), para terminar de verla xDD <\/p>\n<p>El d\u00eda 1 de julio tenemos una fiesta vikinga con motivo del s\u00e9ptimo cumplea\u00f1os de Janis. Christoph insiste en ir disfrazaos&#8230; \u00a1Que Krishna nos pille confesaos! Ya os contar\u00e9 qu\u00e9 pasar\u00e1&#8230;<\/p>\n<p>Con esto y un bizcocho&#8230; Besos<br \/>\nCris<\/p>\n","protected":false},"excerpt":{"rendered":"<p>\u00a1Hmmm! Sonar\u00e1 un poco triste pero es que lo \u00fanico que s\u00e9 tocar con la guitarra son canciones de la tuna v.v Y paso de poner aqu\u00ed un v\u00eddeo de la tuna tocando Clavelitos \u00ac\u00ac As\u00ed que hoy os toca volver a aguantarme cont\u00e1ndoos mi fin de semana&#8230; que fue de lo menos emocionante. Empezando [&hellip;]<\/p>\n","protected":false},"author":3,"featured_media":0,"comment_status":"open","ping_status":"closed","sticky":false,"template":"","format":"standard","meta":{"footnotes":""},"categories":[],"tags":[],"class_list":["post-2415","post","type-post","status-publish","format-standard","hentry"],"_links":{"self":[{"href":"https:\/\/blog.lapecera.ch\/index.php?rest_route=\/wp\/v2\/posts\/2415","targetHints":{"allow":["GET"]}}],"collection":[{"href":"https:\/\/blog.lapecera.ch\/index.php?rest_route=\/wp\/v2\/posts"}],"about":[{"href":"https:\/\/blog.lapecera.ch\/index.php?rest_route=\/wp\/v2\/types\/post"}],"author":[{"embeddable":true,"href":"https:\/\/blog.lapecera.ch\/index.php?rest_route=\/wp\/v2\/users\/3"}],"replies":[{"embeddable":true,"href":"https:\/\/blog.lapecera.ch\/index.php?rest_route=%2Fwp%2Fv2%2Fcomments&post=2415"}],"version-history":[{"count":0,"href":"https:\/\/blog.lapecera.ch\/index.php?rest_route=\/wp\/v2\/posts\/2415\/revisions"}],"wp:attachment":[{"href":"https:\/\/blog.lapecera.ch\/index.php?rest_route=%2Fwp%2Fv2%2Fmedia&parent=2415"}],"wp:term":[{"taxonomy":"category","embeddable":true,"href":"https:\/\/blog.lapecera.ch\/index.php?rest_route=%2Fwp%2Fv2%2Fcategories&post=2415"},{"taxonomy":"post_tag","embeddable":true,"href":"https:\/\/blog.lapecera.ch\/index.php?rest_route=%2Fwp%2Fv2%2Ftags&post=2415"}],"curies":[{"name":"wp","href":"https:\/\/api.w.org\/{rel}","templated":true}]}}