{"id":2412,"date":"2011-06-17T15:48:55","date_gmt":"2011-06-17T13:48:55","guid":{"rendered":"http:\/\/lapecera.ch\/?p=2412"},"modified":"2011-06-17T15:48:55","modified_gmt":"2011-06-17T13:48:55","slug":"dia-25-una-cancion-que-me-hace-reir","status":"publish","type":"post","link":"https:\/\/blog.lapecera.ch\/?p=2412","title":{"rendered":"[D\u00eda 25] Una canci\u00f3n que me hace re\u00edr"},"content":{"rendered":"<p>En la entrada <a href=\"http:\/\/lapecera.ch\/2008\/02\/oda-a-mi-perrocerdo-interior\/\"><em>Oda a mi perro cerdo interior<\/em><\/a> ten\u00e9is la letra y la traducci\u00f3n.<\/p>\n<p><strong><span style=\"font-size: 120%\"><em>Mein innerer Schweinehund (feat. Die Prinzen)<\/em><\/a><\/span><br \/>\nAnnett Louisan<\/strong><br \/>\n<span style=\"font-size: 75%\"><b>\u00c1lbum:<\/b> <em>Das optimale Leben<\/em> (2007)<\/span><\/p>\n<p><object width=\"560\" height=\"340\"><param name=\"movie\" value=\"http:\/\/www.youtube.com\/v\/Q7KjL_ExfkA?fs=1&amp;hl=de_DE&amp;color1=0x5d1719&amp;color2=0xcd311b\"><\/param><param name=\"allowFullScreen\" value=\"true\"><\/param><param name=\"allowscriptaccess\" value=\"always\"><\/param><embed src=\"http:\/\/www.youtube.com\/v\/Q7KjL_ExfkA?fs=1&amp;hl=de_DE&amp;color1=0x5d1719&amp;color2=0xcd311b\" type=\"application\/x-shockwave-flash\" allowscriptaccess=\"always\" allowfullscreen=\"true\" width=\"560\" height=\"340\"><\/embed><\/object><\/p>\n<blockquote><p>Er hat ein Halsband aus Schokolade<br \/>\naber keine Leine<\/p><\/blockquote>\n<p>Hala, ah\u00ed lo dejo, \u00a1que pasen ustedes un fant\u00e1stico fin de semana!<\/p>\n<p>Con esto y un bizcocho&#8230; Besos<br \/>\nCris<\/p>\n","protected":false},"excerpt":{"rendered":"<p>En la entrada Oda a mi perro cerdo interior ten\u00e9is la letra y la traducci\u00f3n. Mein innerer Schweinehund (feat. Die Prinzen) Annett Louisan \u00c1lbum: Das optimale Leben (2007) Er hat ein Halsband aus Schokolade aber keine Leine Hala, ah\u00ed lo dejo, \u00a1que pasen ustedes un fant\u00e1stico fin de semana! Con esto y un bizcocho&#8230; Besos [&hellip;]<\/p>\n","protected":false},"author":3,"featured_media":0,"comment_status":"open","ping_status":"closed","sticky":false,"template":"","format":"standard","meta":{"footnotes":""},"categories":[],"tags":[],"class_list":["post-2412","post","type-post","status-publish","format-standard","hentry"],"_links":{"self":[{"href":"https:\/\/blog.lapecera.ch\/index.php?rest_route=\/wp\/v2\/posts\/2412","targetHints":{"allow":["GET"]}}],"collection":[{"href":"https:\/\/blog.lapecera.ch\/index.php?rest_route=\/wp\/v2\/posts"}],"about":[{"href":"https:\/\/blog.lapecera.ch\/index.php?rest_route=\/wp\/v2\/types\/post"}],"author":[{"embeddable":true,"href":"https:\/\/blog.lapecera.ch\/index.php?rest_route=\/wp\/v2\/users\/3"}],"replies":[{"embeddable":true,"href":"https:\/\/blog.lapecera.ch\/index.php?rest_route=%2Fwp%2Fv2%2Fcomments&post=2412"}],"version-history":[{"count":0,"href":"https:\/\/blog.lapecera.ch\/index.php?rest_route=\/wp\/v2\/posts\/2412\/revisions"}],"wp:attachment":[{"href":"https:\/\/blog.lapecera.ch\/index.php?rest_route=%2Fwp%2Fv2%2Fmedia&parent=2412"}],"wp:term":[{"taxonomy":"category","embeddable":true,"href":"https:\/\/blog.lapecera.ch\/index.php?rest_route=%2Fwp%2Fv2%2Fcategories&post=2412"},{"taxonomy":"post_tag","embeddable":true,"href":"https:\/\/blog.lapecera.ch\/index.php?rest_route=%2Fwp%2Fv2%2Ftags&post=2412"}],"curies":[{"name":"wp","href":"https:\/\/api.w.org\/{rel}","templated":true}]}}