{"id":2399,"date":"2011-06-14T16:50:30","date_gmt":"2011-06-14T14:50:30","guid":{"rendered":"http:\/\/lapecera.ch\/?p=2399"},"modified":"2011-06-14T16:50:30","modified_gmt":"2011-06-14T14:50:30","slug":"dia-20-21-y-22-una-cancion-que-escucho-cuando-estoy","status":"publish","type":"post","link":"https:\/\/blog.lapecera.ch\/?p=2399","title":{"rendered":"[D\u00eda 20, 21 y 22] &#8211; Una canci\u00f3n que escucho cuando estoy&#8230;"},"content":{"rendered":"<p>Enfadada, contenta, triste&#8230; <\/p>\n<p>Soy, en general, una oyente poco temperamental. S\u00ed que escucho m\u00fasica dependiendo de mi estado de \u00e1nimo, pero la misma canci\u00f3n puedo escucharla estando triste, contenta o muy, muy cabreada (aunque pens\u00e1ndolo bien, cuando estoy enfadada, no escucho m\u00fasica), as\u00ed que voy a obviar estos tres d\u00edas y contaros en su lugar lo que hice el fin de semana xD<\/p>\n<p><a href=\"http:\/\/lapecera.ch\/wp-content\/uploads\/2011\/06\/photo.jpg\" rel=\"example3\" title=\"Janis y Lana de confidencias xD\"><img loading=\"lazy\" decoding=\"async\" src=\"http:\/\/lapecera.ch\/wp-content\/uploads\/2011\/06\/photo-200x200.jpg\" alt=\"\" title=\"photo\" width=\"200\" height=\"200\" class=\"alignleft size-medium wp-image-2401\" \/><\/a>El viernes Janis se vino a dormir con nosotros y al d\u00eda siguiente quedamos con Isabelle, Roger y Lana en Brugg para ir a recoger &#8220;El Camino de los Legionarios&#8221;. Resulta que en Windisch, al lado de Brugg, hace unos a\u00f1os (m\u00e1s bien har\u00e1 un siglo ya, pero bueno) encontraron muchas ruinas de asentamientos romanos, y descubrieron que se trataba de un antiguo campo de legionarios, as\u00ed que han hecho un camino tem\u00e1tico. Al principio a los ni\u00f1os les dan una mochila de legionario con un mapa, una baraja de cartas donde te dan informaci\u00f3n y te hacen preguntas, un papel para rascar las contestaciones, un pasaporte con una personalidad romana, una regla y una botellita de agua. Mi nombre para el d\u00eda fue Quintus xDD<\/p>\n<p>Hab\u00eda dos pruebas que completar: una era solucionar una adivinanza, que consist\u00eda en encontrar las tres palabras que faltaban de un texto. El texto a su vez te dir\u00eda cu\u00e1l es tu tarea final, que consist\u00eda en coger agua en la botellita y llevarla a la meta, \u00a1chachi!. La otra prueba consist\u00eda en contestar a las preguntas. Al final, del camino seg\u00fan cuantas preguntas acertases subir\u00edas de grado en el ejercito romano. <\/p>\n<p>La idea es buena, pero tres horas de andar palante y patr\u00e1s me parecieron demasiado. Acab\u00e9 hecha polvo, no s\u00e9 c\u00f3mo acabar\u00edan los ni\u00f1os la verdad, pero Janis se fue a la cama en cuanto llegamos a casa y qued\u00f3 sopa \ud83d\ude1b<\/p>\n<p>Al d\u00eda siguiente, fuimos a Silberweide cerca del Greifensee, cerca de Z\u00fcrich. Es un sitio para hacer picknick, ideal pa los cr\u00edos. Yo me llev\u00e9 mi libro y all\u00ed estuve conectando y desconectando de vez en cuando de las conversaciones de los adultos. Despu\u00e9s de comer y de vaguear un poco al sol, nos fuimos a cazar tesoros, con tan mala suerte de que el primero que buscamos no lo encontramos y tanto ni\u00f1os como adultos estaban super decepcionados. Al final, buscamos otro que estaba un poquito m\u00e1s lejos, como a 15 minutos a pata y lo encontramos despues de pasar 10 minutos dando vueltas. Lo malo es que la caja del <em>cache<\/em> estaba rodeada de hormigas, \u00a1puagh! Pero nada, el tesoro nos lo llevamos a casa&#8230; Las hormigas no pudieron detenernos \ud83d\ude1b La mayor decepci\u00f3n del d\u00eda, aparte del tesoro no encontrado, es que no nos dio tiempo para ir a la piscina \ud83d\ude41 De todas formas, fue un buen fin de semana.<\/p>\n<p>Y ahora, ni\u00f1as y ni\u00f1os, me voy pa casa, a ver si de esta soy capaz de ir a nadar\/correr, porque llevo dos d\u00edas que el universo entero conspira para que no haga deporte \u00ac\u00ac<\/p>\n<p>Con esto y un bizcocho&#8230; Besos<br \/>\nCris<\/p>\n","protected":false},"excerpt":{"rendered":"<p>Enfadada, contenta, triste&#8230; Soy, en general, una oyente poco temperamental. S\u00ed que escucho m\u00fasica dependiendo de mi estado de \u00e1nimo, pero la misma canci\u00f3n puedo escucharla estando triste, contenta o muy, muy cabreada (aunque pens\u00e1ndolo bien, cuando estoy enfadada, no escucho m\u00fasica), as\u00ed que voy a obviar estos tres d\u00edas y contaros en su lugar [&hellip;]<\/p>\n","protected":false},"author":3,"featured_media":0,"comment_status":"open","ping_status":"closed","sticky":false,"template":"","format":"standard","meta":{"footnotes":""},"categories":[],"tags":[],"class_list":["post-2399","post","type-post","status-publish","format-standard","hentry"],"_links":{"self":[{"href":"https:\/\/blog.lapecera.ch\/index.php?rest_route=\/wp\/v2\/posts\/2399","targetHints":{"allow":["GET"]}}],"collection":[{"href":"https:\/\/blog.lapecera.ch\/index.php?rest_route=\/wp\/v2\/posts"}],"about":[{"href":"https:\/\/blog.lapecera.ch\/index.php?rest_route=\/wp\/v2\/types\/post"}],"author":[{"embeddable":true,"href":"https:\/\/blog.lapecera.ch\/index.php?rest_route=\/wp\/v2\/users\/3"}],"replies":[{"embeddable":true,"href":"https:\/\/blog.lapecera.ch\/index.php?rest_route=%2Fwp%2Fv2%2Fcomments&post=2399"}],"version-history":[{"count":0,"href":"https:\/\/blog.lapecera.ch\/index.php?rest_route=\/wp\/v2\/posts\/2399\/revisions"}],"wp:attachment":[{"href":"https:\/\/blog.lapecera.ch\/index.php?rest_route=%2Fwp%2Fv2%2Fmedia&parent=2399"}],"wp:term":[{"taxonomy":"category","embeddable":true,"href":"https:\/\/blog.lapecera.ch\/index.php?rest_route=%2Fwp%2Fv2%2Fcategories&post=2399"},{"taxonomy":"post_tag","embeddable":true,"href":"https:\/\/blog.lapecera.ch\/index.php?rest_route=%2Fwp%2Fv2%2Ftags&post=2399"}],"curies":[{"name":"wp","href":"https:\/\/api.w.org\/{rel}","templated":true}]}}