{"id":2391,"date":"2011-06-16T16:06:39","date_gmt":"2011-06-16T14:06:39","guid":{"rendered":"http:\/\/lapecera.ch\/?p=2391"},"modified":"2011-06-16T16:06:39","modified_gmt":"2011-06-16T14:06:39","slug":"dia-24-una-cancion-que-quiero-que-suene-en-mi-funeral","status":"publish","type":"post","link":"https:\/\/blog.lapecera.ch\/?p=2391","title":{"rendered":"[D\u00eda 24] Una canci\u00f3n que quiero que suene en mi funeral"},"content":{"rendered":"<p>No me gusta pensar en estas cosas, pero el otro d\u00eda buscando canci\u00f3n para la entrada sobre el \u00e1lbum favorito, pens\u00e9 que esta otra canci\u00f3n sonar\u00eda bien en un funeral&#8230;<\/p>\n<p><strong><span style=\"font-size: 120%\"><em>Caresse Sur L&#8217;oc\u00e9an<\/em><\/a><\/span><br \/>\nLes Petits Chanteurs de Saint-Marc<\/strong><br \/>\n<span style=\"font-size: 75%\"><b>\u00c1lbum:<\/b> <em>Les Choristes: Bande orginale du film<\/em> (2004)<\/span><\/p>\n<p><object width=\"560\" height=\"340\"><param name=\"movie\" value=\"http:\/\/www.youtube.com\/v\/rEs1wtsw_IA?fs=1&amp;hl=de_DE&amp;color1=0x5d1719&amp;color2=0xcd311b\"><\/param><param name=\"allowFullScreen\" value=\"true\"><\/param><param name=\"allowscriptaccess\" value=\"always\"><\/param><embed src=\"http:\/\/www.youtube.com\/v\/rEs1wtsw_IA?fs=1&amp;hl=de_DE&amp;color1=0x5d1719&amp;color2=0xcd311b\" type=\"application\/x-shockwave-flash\" allowscriptaccess=\"always\" allowfullscreen=\"true\" width=\"560\" height=\"340\"><\/embed><\/object><\/p>\n<p>Me voy al dentista T________________T <\/p>\n<p>Con esto y un bizcocho&#8230; Besos<br \/>\nCris<\/p>\n","protected":false},"excerpt":{"rendered":"<p>No me gusta pensar en estas cosas, pero el otro d\u00eda buscando canci\u00f3n para la entrada sobre el \u00e1lbum favorito, pens\u00e9 que esta otra canci\u00f3n sonar\u00eda bien en un funeral&#8230; Caresse Sur L&#8217;oc\u00e9an Les Petits Chanteurs de Saint-Marc \u00c1lbum: Les Choristes: Bande orginale du film (2004) Me voy al dentista T________________T Con esto y un [&hellip;]<\/p>\n","protected":false},"author":3,"featured_media":0,"comment_status":"open","ping_status":"closed","sticky":false,"template":"","format":"standard","meta":{"footnotes":""},"categories":[],"tags":[],"class_list":["post-2391","post","type-post","status-publish","format-standard","hentry"],"_links":{"self":[{"href":"https:\/\/blog.lapecera.ch\/index.php?rest_route=\/wp\/v2\/posts\/2391","targetHints":{"allow":["GET"]}}],"collection":[{"href":"https:\/\/blog.lapecera.ch\/index.php?rest_route=\/wp\/v2\/posts"}],"about":[{"href":"https:\/\/blog.lapecera.ch\/index.php?rest_route=\/wp\/v2\/types\/post"}],"author":[{"embeddable":true,"href":"https:\/\/blog.lapecera.ch\/index.php?rest_route=\/wp\/v2\/users\/3"}],"replies":[{"embeddable":true,"href":"https:\/\/blog.lapecera.ch\/index.php?rest_route=%2Fwp%2Fv2%2Fcomments&post=2391"}],"version-history":[{"count":0,"href":"https:\/\/blog.lapecera.ch\/index.php?rest_route=\/wp\/v2\/posts\/2391\/revisions"}],"wp:attachment":[{"href":"https:\/\/blog.lapecera.ch\/index.php?rest_route=%2Fwp%2Fv2%2Fmedia&parent=2391"}],"wp:term":[{"taxonomy":"category","embeddable":true,"href":"https:\/\/blog.lapecera.ch\/index.php?rest_route=%2Fwp%2Fv2%2Fcategories&post=2391"},{"taxonomy":"post_tag","embeddable":true,"href":"https:\/\/blog.lapecera.ch\/index.php?rest_route=%2Fwp%2Fv2%2Ftags&post=2391"}],"curies":[{"name":"wp","href":"https:\/\/api.w.org\/{rel}","templated":true}]}}