{"id":2382,"date":"2011-06-09T08:53:10","date_gmt":"2011-06-09T06:53:10","guid":{"rendered":"http:\/\/lapecera.ch\/?p=2382"},"modified":"2011-06-09T08:53:10","modified_gmt":"2011-06-09T06:53:10","slug":"dia-18-una-cancion-que-me-gustaria-escuchar-en-la-radio","status":"publish","type":"post","link":"https:\/\/blog.lapecera.ch\/?p=2382","title":{"rendered":"[D\u00eda 18] Una canci\u00f3n que me gustar\u00eda escuchar en la radio"},"content":{"rendered":"<p>Pues me gustar\u00eda escuchar m\u00e1s cosas en espa\u00f1ol y que no sean s\u00f3lo Juanes, Shakira and co. Algo que venga de Espa\u00f1a. A veces suena Jarabe de Palo en la radio, pero hasta ahora siempre ha sido <em>Depende<\/em>&#8230; y bah, a m\u00ed <em>Ying, Yang<\/em>, por ejemplo, me encanta. Actualmente hay un mont\u00f3n de m\u00fasica en espa\u00f1ol que no conozco porque no llega a esta esquina del mundo, as\u00ed que estoy muy, muy desconectada. Por eso, las canciones que me gustar\u00eda escuchar de vez en cuando en la radio son cualquier cosa menos nuevas \ud83d\ude09<\/p>\n<p><strong><span style=\"font-size: 120%\"><em>Deseos de cosas imposibles &#8217;09<\/em><\/a><\/span><br \/>\nLa Oreja de Van Gogh<\/strong><br \/>\n<span style=\"font-size: 75%\"><b>\u00c1lbum:<\/b> <em>Nuestra casa a la izquierda del mundo<\/em> (2009)<\/span><\/p>\n<p><object width=\"560\" height=\"340\"><param name=\"movie\" value=\"http:\/\/www.youtube.com\/v\/Rkr9Q8AcXBY?fs=1&amp;hl=de_DE&amp;color1=0x5d1719&amp;color2=0xcd311b\"><\/param><param name=\"allowFullScreen\" value=\"true\"><\/param><param name=\"allowscriptaccess\" value=\"always\"><\/param><embed src=\"http:\/\/www.youtube.com\/v\/Rkr9Q8AcXBY?fs=1&amp;hl=de_DE&amp;color1=0x5d1719&amp;color2=0xcd311b\" type=\"application\/x-shockwave-flash\" allowscriptaccess=\"always\" allowfullscreen=\"true\" width=\"560\" height=\"340\"><\/embed><\/object><\/p>\n<blockquote><p>Igual que el poeta que decide trabajar en un banco<\/p><\/blockquote>\n<p>Me encanta la nueva versi\u00f3n. No tengo mucho m\u00e1s que decir.<\/p>\n<p>Si he estado desconectada, echadle la culpa a la conferencia de <em>Production Development &#038; Tools <\/em>a la que tuve que asistir s\u00ed o s\u00ed y donde casi muero de aburrimiento y exceso de informaci\u00f3n t\u00e9cnica.<\/p>\n<p>Con esto y un bizcocho&#8230; Besos<br \/>\nCris<\/p>\n","protected":false},"excerpt":{"rendered":"<p>Pues me gustar\u00eda escuchar m\u00e1s cosas en espa\u00f1ol y que no sean s\u00f3lo Juanes, Shakira and co. Algo que venga de Espa\u00f1a. A veces suena Jarabe de Palo en la radio, pero hasta ahora siempre ha sido Depende&#8230; y bah, a m\u00ed Ying, Yang, por ejemplo, me encanta. Actualmente hay un mont\u00f3n de m\u00fasica en [&hellip;]<\/p>\n","protected":false},"author":3,"featured_media":0,"comment_status":"open","ping_status":"closed","sticky":false,"template":"","format":"standard","meta":{"footnotes":""},"categories":[],"tags":[],"class_list":["post-2382","post","type-post","status-publish","format-standard","hentry"],"_links":{"self":[{"href":"https:\/\/blog.lapecera.ch\/index.php?rest_route=\/wp\/v2\/posts\/2382","targetHints":{"allow":["GET"]}}],"collection":[{"href":"https:\/\/blog.lapecera.ch\/index.php?rest_route=\/wp\/v2\/posts"}],"about":[{"href":"https:\/\/blog.lapecera.ch\/index.php?rest_route=\/wp\/v2\/types\/post"}],"author":[{"embeddable":true,"href":"https:\/\/blog.lapecera.ch\/index.php?rest_route=\/wp\/v2\/users\/3"}],"replies":[{"embeddable":true,"href":"https:\/\/blog.lapecera.ch\/index.php?rest_route=%2Fwp%2Fv2%2Fcomments&post=2382"}],"version-history":[{"count":0,"href":"https:\/\/blog.lapecera.ch\/index.php?rest_route=\/wp\/v2\/posts\/2382\/revisions"}],"wp:attachment":[{"href":"https:\/\/blog.lapecera.ch\/index.php?rest_route=%2Fwp%2Fv2%2Fmedia&parent=2382"}],"wp:term":[{"taxonomy":"category","embeddable":true,"href":"https:\/\/blog.lapecera.ch\/index.php?rest_route=%2Fwp%2Fv2%2Fcategories&post=2382"},{"taxonomy":"post_tag","embeddable":true,"href":"https:\/\/blog.lapecera.ch\/index.php?rest_route=%2Fwp%2Fv2%2Ftags&post=2382"}],"curies":[{"name":"wp","href":"https:\/\/api.w.org\/{rel}","templated":true}]}}