{"id":2374,"date":"2011-06-06T11:27:51","date_gmt":"2011-06-06T09:27:51","guid":{"rendered":"http:\/\/lapecera.ch\/?p=2374"},"modified":"2011-06-06T11:27:51","modified_gmt":"2011-06-06T09:27:51","slug":"dia-17-una-cancion-que-sale-a-menudo-en-la-radio","status":"publish","type":"post","link":"https:\/\/blog.lapecera.ch\/?p=2374","title":{"rendered":"[D\u00eda 17] Una canci\u00f3n que sale a menudo en la radio"},"content":{"rendered":"<p>Crudo lo llevo, porque desde que me han mudado al sexto piso, ya no escucho NRJ Z\u00fcrich todo el d\u00eda&#8230; pero un par de canciones s\u00ed que se han metido en mi cabeza y ya no salen por culpa de la radio. La peor de todas es la de los Black Eyed Peas, que se me apetece matar a alguien cada vez que la escucho v.v<\/p>\n<p><strong><span style=\"font-size: 120%\"><em>The Time (Dirty Bit)<\/em><\/a><\/span><br \/>\nBlack Eyed Peas<\/strong><br \/>\n<span style=\"font-size: 75%\"><b>\u00c1lbum:<\/b> <em>The Beginning<\/em> (2010)<\/span><\/p>\n<p><object width=\"425\" height=\"385\" data=\"http:\/\/play.dipdive.com\/i\/159714\"><param name=\"movie\" value=\"http:\/\/play.dipdive.com\/i\/159714\"><\/param><param name=\"allowfullscreen\" value=\"true\"><\/param><embed src=\"http:\/\/play.dipdive.com\/i\/159714\" type=\"application\/x-shockwave-flash\" allowFullScreen=\"true\" width=\"425\" height=\"385\"><\/embed><\/object><\/p>\n<p>Estas cosas deber\u00edan estar prohibidas v.v Con lo que me gusta la canci\u00f3n original de <em>Dirty Dancing<\/em>, (I\u2019ve Had) The Time of My Life, y vienen los tipos estos y me arman esta T____T<\/p>\n<p>En fin, este fin de semana largo han estado M\u00e1ria y Mathias de visita y nos hemos ido de acampada a Seelisberg. El tiempo no acompa\u00f1\u00f3 mucho. El jueves y el viernes estuvo nublado y hasta llovi\u00f3. S\u00f3lo el s\u00e1bado sali\u00f3 el sol e hizo calor. El viernes bajamos hasta el <a href=\"http:\/\/en.wikipedia.org\/wiki\/R%C3%BCtli\" target=\"_blank\">R\u00fctli<\/a>, comimos en el restaurante al lado del famoso <em>prao<\/em> y luego volvimos a subir por el camino que va a la estaci\u00f3n del tren. Y despu\u00e9s de ir a comprar comida para la cena y pal desayuno al d\u00eda siguiente, <em>aqu\u00edlamendalerenda<\/em> se meti\u00f3 a nadar en el lago con el agua a 17\u00b0C. Mi idea era nadar hasta la plataforma, pero no tuve valor, porque ten\u00eda demasiado fr\u00edo&#8230; Tampoco lo consegu\u00ed el s\u00e1bado que hac\u00eda m\u00e1s calor. Lo importante es que <u>yo, friolera diplomada, se ba\u00f1\u00f3 dos veces en agua fr\u00eda<\/u>, \u00a1ja! El s\u00e1bado por la tarde recogimos los trastos y nos fuimos pa casa, donde cenamos rico de la barbacoa. Al d\u00eda siguiente, los dos muchachos se marcharon a las 9 y media pa Ingelheim. <\/p>\n<p>Luego Chris y yo nos pasamos el domingo intentando arreglar el fregadero que t\u00e1 atascao, pero no lo conseguimos. Yo quer\u00eda haber planchado, pero en alg\u00fan momento del d\u00eda se me olvid\u00f3, y en vez de planchar me dediqu\u00e9 a planificar futuras manualidades d\u00e1ndole <em>polculoalaaguja<\/em>, \u00a1sabe dios si las har\u00e9 este a\u00f1o! \ud83d\ude1b Ya os contar\u00e9&#8230;<\/p>\n<p>En fin, que me tengo que ir pitando. Me esperan para ir a nadar \ud83d\ude42<\/p>\n<p>Con esto y un bizcocho&#8230; Besos<br \/>\nCris<\/p>\n","protected":false},"excerpt":{"rendered":"<p>Crudo lo llevo, porque desde que me han mudado al sexto piso, ya no escucho NRJ Z\u00fcrich todo el d\u00eda&#8230; pero un par de canciones s\u00ed que se han metido en mi cabeza y ya no salen por culpa de la radio. La peor de todas es la de los Black Eyed Peas, que se [&hellip;]<\/p>\n","protected":false},"author":3,"featured_media":0,"comment_status":"open","ping_status":"closed","sticky":false,"template":"","format":"standard","meta":{"footnotes":""},"categories":[],"tags":[],"class_list":["post-2374","post","type-post","status-publish","format-standard","hentry"],"_links":{"self":[{"href":"https:\/\/blog.lapecera.ch\/index.php?rest_route=\/wp\/v2\/posts\/2374","targetHints":{"allow":["GET"]}}],"collection":[{"href":"https:\/\/blog.lapecera.ch\/index.php?rest_route=\/wp\/v2\/posts"}],"about":[{"href":"https:\/\/blog.lapecera.ch\/index.php?rest_route=\/wp\/v2\/types\/post"}],"author":[{"embeddable":true,"href":"https:\/\/blog.lapecera.ch\/index.php?rest_route=\/wp\/v2\/users\/3"}],"replies":[{"embeddable":true,"href":"https:\/\/blog.lapecera.ch\/index.php?rest_route=%2Fwp%2Fv2%2Fcomments&post=2374"}],"version-history":[{"count":0,"href":"https:\/\/blog.lapecera.ch\/index.php?rest_route=\/wp\/v2\/posts\/2374\/revisions"}],"wp:attachment":[{"href":"https:\/\/blog.lapecera.ch\/index.php?rest_route=%2Fwp%2Fv2%2Fmedia&parent=2374"}],"wp:term":[{"taxonomy":"category","embeddable":true,"href":"https:\/\/blog.lapecera.ch\/index.php?rest_route=%2Fwp%2Fv2%2Fcategories&post=2374"},{"taxonomy":"post_tag","embeddable":true,"href":"https:\/\/blog.lapecera.ch\/index.php?rest_route=%2Fwp%2Fv2%2Ftags&post=2374"}],"curies":[{"name":"wp","href":"https:\/\/api.w.org\/{rel}","templated":true}]}}