{"id":2372,"date":"2011-06-01T10:12:28","date_gmt":"2011-06-01T08:12:28","guid":{"rendered":"http:\/\/lapecera.ch\/?p=2372"},"modified":"2011-06-01T10:12:28","modified_gmt":"2011-06-01T08:12:28","slug":"dia-16-una-cancion-que-antes-me-gustaba-y-ahora-ya-no","status":"publish","type":"post","link":"https:\/\/blog.lapecera.ch\/?p=2372","title":{"rendered":"[D\u00eda 16] Una canci\u00f3n que antes me gustaba y ahora ya no"},"content":{"rendered":"<p>Por poner una, que no es que no me guste, sino que la tengo demasiado escuchada v.v<\/p>\n<p><strong><span style=\"font-size: 120%\"><em>La Tortura (feat. Alejandro Sanz)<\/em><\/a><\/span><br \/>\nShakira<\/strong><br \/>\n<span style=\"font-size: 75%\"><b>\u00c1lbum:<\/b> <em>Fijaci\u00f3n oral vol. 1<\/em> (2005)<\/span><\/p>\n<p><object width=\"560\" height=\"340\"><param name=\"movie\" value=\"http:\/\/www.youtube.com\/v\/DzovQbxSM8s?fs=1&amp;hl=de_DE&amp;color1=0x5d1719&amp;color2=0xcd311b\"><\/param><param name=\"allowFullScreen\" value=\"true\"><\/param><param name=\"allowscriptaccess\" value=\"always\"><\/param><embed src=\"http:\/\/www.youtube.com\/v\/DzovQbxSM8s?fs=1&amp;hl=de_DE&amp;color1=0x5d1719&amp;color2=0xcd311b\" type=\"application\/x-shockwave-flash\" allowscriptaccess=\"always\" allowfullscreen=\"true\" width=\"560\" height=\"340\"><\/embed><\/object><\/p>\n<blockquote><p>No puedo pedir a los olmos que entreguen peras<\/p><\/blockquote>\n<p>Y ya t\u00e1 \ud83d\ude1b<\/p>\n<p>Con esto y un bizcocho&#8230; Besos<br \/>\nCris<\/p>\n","protected":false},"excerpt":{"rendered":"<p>Por poner una, que no es que no me guste, sino que la tengo demasiado escuchada v.v La Tortura (feat. Alejandro Sanz) Shakira \u00c1lbum: Fijaci\u00f3n oral vol. 1 (2005) No puedo pedir a los olmos que entreguen peras Y ya t\u00e1 \ud83d\ude1b Con esto y un bizcocho&#8230; Besos Cris<\/p>\n","protected":false},"author":3,"featured_media":0,"comment_status":"open","ping_status":"closed","sticky":false,"template":"","format":"standard","meta":{"footnotes":""},"categories":[],"tags":[],"class_list":["post-2372","post","type-post","status-publish","format-standard","hentry"],"_links":{"self":[{"href":"https:\/\/blog.lapecera.ch\/index.php?rest_route=\/wp\/v2\/posts\/2372","targetHints":{"allow":["GET"]}}],"collection":[{"href":"https:\/\/blog.lapecera.ch\/index.php?rest_route=\/wp\/v2\/posts"}],"about":[{"href":"https:\/\/blog.lapecera.ch\/index.php?rest_route=\/wp\/v2\/types\/post"}],"author":[{"embeddable":true,"href":"https:\/\/blog.lapecera.ch\/index.php?rest_route=\/wp\/v2\/users\/3"}],"replies":[{"embeddable":true,"href":"https:\/\/blog.lapecera.ch\/index.php?rest_route=%2Fwp%2Fv2%2Fcomments&post=2372"}],"version-history":[{"count":0,"href":"https:\/\/blog.lapecera.ch\/index.php?rest_route=\/wp\/v2\/posts\/2372\/revisions"}],"wp:attachment":[{"href":"https:\/\/blog.lapecera.ch\/index.php?rest_route=%2Fwp%2Fv2%2Fmedia&parent=2372"}],"wp:term":[{"taxonomy":"category","embeddable":true,"href":"https:\/\/blog.lapecera.ch\/index.php?rest_route=%2Fwp%2Fv2%2Fcategories&post=2372"},{"taxonomy":"post_tag","embeddable":true,"href":"https:\/\/blog.lapecera.ch\/index.php?rest_route=%2Fwp%2Fv2%2Ftags&post=2372"}],"curies":[{"name":"wp","href":"https:\/\/api.w.org\/{rel}","templated":true}]}}