{"id":2366,"date":"2011-05-31T12:16:58","date_gmt":"2011-05-31T10:16:58","guid":{"rendered":"http:\/\/lapecera.ch\/?p=2366"},"modified":"2011-05-31T12:16:58","modified_gmt":"2011-05-31T10:16:58","slug":"dia-15-una-cancion-que-me-describe","status":"publish","type":"post","link":"https:\/\/blog.lapecera.ch\/?p=2366","title":{"rendered":"[D\u00eda 15] Una canci\u00f3n que me describe"},"content":{"rendered":"<p>Mal que me pese voy a poner una canci\u00f3n de El Sue\u00f1o de Morfeo, que ya no me gustan tanto como al principio, pero <em>Esta soy yo<\/em> siempre me ha parecido que me pega, al menos, me pegar\u00eda si tuviera un poquito m\u00e1s de amor propio&#8230; Y luego, voy a poner a Hilary Duff. Si el otro d\u00eda reconoc\u00eda que me gustaba Miley Cyrus, hoy reconozco que de la generaci\u00f3n anterior a Hannah Montana, la otra estrellita Disney, Lizzie McGuire, me gusta mucho m\u00e1s, y su canci\u00f3n, <em>I am<\/em>, me describir\u00eda tan bien como <em>Esta soy yo<\/em> xDD<\/p>\n<p><strong><span style=\"font-size: 120%\"><em>Esta soy yo<\/em><\/a><\/span><br \/>\nEl sue\u00f1o de Morfeo<\/strong><br \/>\n<span style=\"font-size: 75%\"><b>\u00c1lbum:<\/b> <em>El sue\u00f1o de Morfeo<\/em> (2005)<\/span><\/p>\n<p><object width=\"560\" height=\"340\"><param name=\"movie\" value=\"http:\/\/www.youtube.com\/v\/Zfx8CFeldmU?fs=1&amp;hl=de_DE&amp;color1=0x5d1719&amp;color2=0xcd311b><\/param><param name=\"allowFullScreen\" value=\"true\"><\/param><param name=\"allowscriptaccess\" value=\"always\"><\/param><embed src=\"http:\/\/www.youtube.com\/v\/Zfx8CFeldmU?fs=1&amp;hl=de_DE&amp;color1=0x5d1719&amp;color2=0xcd311b\" type=\"application\/x-shockwave-flash\" allowscriptaccess=\"always\" allowfullscreen=\"true\" width=\"560\" height=\"340\"><\/embed><\/object><\/p>\n<blockquote><p>Dicen que soy una foto en blanco y negro<br \/>\nQue tengo que dormir m\u00e1s<br \/>\nQue me puede mi mal genio<\/p><\/blockquote>\n<p><strong><span style=\"font-size: 120%\"><em>I am <\/em><\/a><\/span><br \/>\nHilary Duff<\/strong><br \/>\n<span style=\"font-size: 75%\"><b>\u00c1lbum:<\/b> <em>Hilary Duff<\/em> (2005)<\/span><\/p>\n<p><object width=\"560\" height=\"340\"><param name=\"movie\" value=\"http:\/\/www.youtube.com\/v\/qh3yv4tNkCA?fs=1&amp;hl=de_DE&amp;color1=0x5d1719&amp;color2=0xcd311b\"><\/param><param name=\"allowFullScreen\" value=\"true\"><\/param><param name=\"allowscriptaccess\" value=\"always\"><\/param><embed src=\"http:\/\/www.youtube.com\/v\/qh3yv4tNkCA?fs=1&amp;hl=de_DE&amp;color1=0x5d1719&amp;color2=0xcd311b\" type=\"application\/x-shockwave-flash\" allowscriptaccess=\"always\" allowfullscreen=\"true\" width=\"560\" height=\"340\"><\/embed><\/object><\/p>\n<blockquote><p>Sometimes I&#8217;m a million colors<br \/>\nSometimes I&#8217;m black and white<br \/>\nI am all extremes<br \/>\nTry figure me out you never can<br \/>\nThere&#8217;s so many things I am<\/p><\/blockquote>\n<p>Curioso cuanto poco que las dos canciones sean de \u00e1lbumes del 2005 que se llaman como la\/los artista\/s en cuesti\u00f3n, \u00a1hmm! xDDD <\/p>\n<p>En fin, que tengo cosas que hacer y ninguna gana de hacerlas&#8230; Os dejo, por el momento ma\u00f1ana m\u00e1s m\u00fasica \ud83d\ude09<\/p>\n<p>Con esto y un bizcocho&#8230; Besos<br \/>\nCris<\/p>\n","protected":false},"excerpt":{"rendered":"<p>Mal que me pese voy a poner una canci\u00f3n de El Sue\u00f1o de Morfeo, que ya no me gustan tanto como al principio, pero Esta soy yo siempre me ha parecido que me pega, al menos, me pegar\u00eda si tuviera un poquito m\u00e1s de amor propio&#8230; Y luego, voy a poner a Hilary Duff. Si [&hellip;]<\/p>\n","protected":false},"author":3,"featured_media":0,"comment_status":"open","ping_status":"closed","sticky":false,"template":"","format":"standard","meta":{"footnotes":""},"categories":[],"tags":[],"class_list":["post-2366","post","type-post","status-publish","format-standard","hentry"],"_links":{"self":[{"href":"https:\/\/blog.lapecera.ch\/index.php?rest_route=\/wp\/v2\/posts\/2366","targetHints":{"allow":["GET"]}}],"collection":[{"href":"https:\/\/blog.lapecera.ch\/index.php?rest_route=\/wp\/v2\/posts"}],"about":[{"href":"https:\/\/blog.lapecera.ch\/index.php?rest_route=\/wp\/v2\/types\/post"}],"author":[{"embeddable":true,"href":"https:\/\/blog.lapecera.ch\/index.php?rest_route=\/wp\/v2\/users\/3"}],"replies":[{"embeddable":true,"href":"https:\/\/blog.lapecera.ch\/index.php?rest_route=%2Fwp%2Fv2%2Fcomments&post=2366"}],"version-history":[{"count":0,"href":"https:\/\/blog.lapecera.ch\/index.php?rest_route=\/wp\/v2\/posts\/2366\/revisions"}],"wp:attachment":[{"href":"https:\/\/blog.lapecera.ch\/index.php?rest_route=%2Fwp%2Fv2%2Fmedia&parent=2366"}],"wp:term":[{"taxonomy":"category","embeddable":true,"href":"https:\/\/blog.lapecera.ch\/index.php?rest_route=%2Fwp%2Fv2%2Fcategories&post=2366"},{"taxonomy":"post_tag","embeddable":true,"href":"https:\/\/blog.lapecera.ch\/index.php?rest_route=%2Fwp%2Fv2%2Ftags&post=2366"}],"curies":[{"name":"wp","href":"https:\/\/api.w.org\/{rel}","templated":true}]}}