{"id":2362,"date":"2011-05-30T17:39:05","date_gmt":"2011-05-30T15:39:05","guid":{"rendered":"http:\/\/lapecera.ch\/?p=2362"},"modified":"2011-05-30T17:39:05","modified_gmt":"2011-05-30T15:39:05","slug":"dia-14-una-cancion-que-nadie-esperaria-que-me-gustase","status":"publish","type":"post","link":"https:\/\/blog.lapecera.ch\/?p=2362","title":{"rendered":"[D\u00eda 14] Una canci\u00f3n que nadie esperar\u00eda que me gustase"},"content":{"rendered":"<p>No tengo ni repajolera idea de qu\u00e9 canci\u00f3n podr\u00eda ser esta, as\u00ed que en vez de hablaros de m\u00fasica, os contar\u00e9 en versi\u00f3n resumida, la aventura de mentirijilla del fin de semana. <\/p>\n<p>Es muy simple&#8230; Nos fuimos a hacer un curso de t\u00e9cnica de escalada. La pena es que en un fin de semana yo he escalado cuatro rutas, pero oye, Christoph hizo todas las que quiso y m\u00e1s. Lo mismo que nuestra cuerda, que ya empieza a experimentar un poquito m\u00e1s (con nosotros se aburre la pobrecilla). <\/p>\n<p><a href=\"http:\/\/lapecera.ch\/wp-content\/uploads\/2011\/05\/hormiga.jpg\" rel=\"example3\" title=\"Un perrito piloto pal que vea la hormiga :P\"><img loading=\"lazy\" decoding=\"async\" src=\"http:\/\/lapecera.ch\/wp-content\/uploads\/2011\/05\/hormiga-200x200.jpg\" alt=\"\" title=\"hormiga\" width=\"200\" height=\"200\" class=\"alignright size-medium wp-image-2363\" \/><\/a>El primer d\u00eda, el s\u00e1bado, fuimos a Schauenburgflue. Cuando llegu\u00e9 y vi la pared que \u00edbamos a escalar, dije: \u00abNo, gracias\u00bb. Primero quer\u00eda asegurar un poco, cogerle gusto al asunto, y tal, pero casi tengo un accidente de esta guisa y se me pusieron de corbata. Asegurando a Christoph en un sitio un tantito estrecho, \u00e9l resbal\u00f3 y cay\u00f3 un trozo muy peque\u00f1o, pero como pesa m\u00e1s que yo, a m\u00ed me impuls\u00f3 hacia la roca y luego me mand\u00f3 tambale\u00e1ndome hacia la izquierda, donde se acababa la roca sobre la que estaba asegurando. Cuando perd\u00ed pie, solt\u00e9 la cuerda e intent\u00e9 recuperarme. \u00bfD\u00f3nde est\u00e1 el fallo? NUNCA deber\u00edas soltar la cuerda. El caso es que me acojon\u00e9 y entre que el arn\u00e9s me hac\u00eda da\u00f1o y el susto, decid\u00ed que no escalaba y punto. Por suerte, el gu\u00eda\/monitor y su LINX no se interpusieron en mi camino. Me pas\u00e9 el s\u00e1bado leyendo en mi Kindle y mirando c\u00f3mo escalaban los dem\u00e1s, que tambi\u00e9n mola (aunque acabes con tort\u00edcolis).<\/p>\n<p>El domingo fuimos a R\u00fcttelhorn, cerca de Solothurn, creo. En el camino hacia all\u00ed ech\u00e9 de menos mi c\u00e1mara de fotos, que me hab\u00eda dejado en casa, y mi iPhone, que estaba en el maletero, porque se ve\u00edan los Alpes con una claridad alucinante. Una verdadera pasada. La pared a la que fuimos a escalar desde abajo ten\u00eda una pinta impresionante. El camino para llegar hasta all\u00ed era un poquito m\u00e1s mierda. Entre que era empinado y que el terreno resbalaba, vamos, muy lindo \u00ac\u00ac La primera ruta no consegu\u00ed subirla, estaba a la sombra, yo ten\u00eda fr\u00edo y las manos y los dedos como cubitos que no eran capaces de palpar como dios manda, as\u00ed que ped\u00ed que me bajaran y me fui a tomar el sol, hasta quq Christoph y su compa\u00f1ero bajaron y nos fuimos a escalar algo sencillito. Al final, nos pasamos todo el d\u00eda en la misma esquina. De hecho, a determinada hora de la tarde la acaparamos entre todos nosotros. Ah\u00ed me estren\u00e9 esta temporada en <em>lead climbing<\/em> (<em>Vorstieg<\/em>, \u00bfc\u00f3mo ostia se llama esto en castellano?) con un 4a\/b&#8230; \u00a1Y qu\u00e9 mal lo pas\u00e9, se\u00f1or! \u00a1Qu\u00e9 estr\u00e9s! <\/p>\n<p>En R\u00fcttelhorn me acord\u00e9 un mont\u00f3n de las maris, anti-ara\u00f1as, no tanto porque hubiera muchas amigas de ocho patas, sino por la cantidad de hormigas, que hab\u00eda all\u00ed, y el tama\u00f1o que ten\u00edan. Joer, parec\u00edan radiactivas por lo menos \ud83d\ude1b<\/p>\n<p>En fin, ese fue mi fin de semana, por eso, no hubo entradas musicales, aunque lo dicho, no s\u00e9 qu\u00e9 canci\u00f3n otros esperar\u00edan que no me gustase&#8230; No tengo ni idea. <\/p>\n<p>Os voy dejando que me tengo que ir a comprar, o al menos, probar un nuevo arn\u00e9s para escalar&#8230; <\/p>\n<p>Con esto y un bizcocho&#8230; Besos<br \/>\nCris<\/p>\n","protected":false},"excerpt":{"rendered":"<p>No tengo ni repajolera idea de qu\u00e9 canci\u00f3n podr\u00eda ser esta, as\u00ed que en vez de hablaros de m\u00fasica, os contar\u00e9 en versi\u00f3n resumida, la aventura de mentirijilla del fin de semana. Es muy simple&#8230; Nos fuimos a hacer un curso de t\u00e9cnica de escalada. La pena es que en un fin de semana yo [&hellip;]<\/p>\n","protected":false},"author":3,"featured_media":0,"comment_status":"open","ping_status":"closed","sticky":false,"template":"","format":"standard","meta":{"footnotes":""},"categories":[],"tags":[],"class_list":["post-2362","post","type-post","status-publish","format-standard","hentry"],"_links":{"self":[{"href":"https:\/\/blog.lapecera.ch\/index.php?rest_route=\/wp\/v2\/posts\/2362","targetHints":{"allow":["GET"]}}],"collection":[{"href":"https:\/\/blog.lapecera.ch\/index.php?rest_route=\/wp\/v2\/posts"}],"about":[{"href":"https:\/\/blog.lapecera.ch\/index.php?rest_route=\/wp\/v2\/types\/post"}],"author":[{"embeddable":true,"href":"https:\/\/blog.lapecera.ch\/index.php?rest_route=\/wp\/v2\/users\/3"}],"replies":[{"embeddable":true,"href":"https:\/\/blog.lapecera.ch\/index.php?rest_route=%2Fwp%2Fv2%2Fcomments&post=2362"}],"version-history":[{"count":0,"href":"https:\/\/blog.lapecera.ch\/index.php?rest_route=\/wp\/v2\/posts\/2362\/revisions"}],"wp:attachment":[{"href":"https:\/\/blog.lapecera.ch\/index.php?rest_route=%2Fwp%2Fv2%2Fmedia&parent=2362"}],"wp:term":[{"taxonomy":"category","embeddable":true,"href":"https:\/\/blog.lapecera.ch\/index.php?rest_route=%2Fwp%2Fv2%2Fcategories&post=2362"},{"taxonomy":"post_tag","embeddable":true,"href":"https:\/\/blog.lapecera.ch\/index.php?rest_route=%2Fwp%2Fv2%2Ftags&post=2362"}],"curies":[{"name":"wp","href":"https:\/\/api.w.org\/{rel}","templated":true}]}}