{"id":2349,"date":"2011-05-27T16:47:31","date_gmt":"2011-05-27T14:47:31","guid":{"rendered":"http:\/\/lapecera.ch\/?p=2349"},"modified":"2011-05-27T16:47:31","modified_gmt":"2011-05-27T14:47:31","slug":"dia-13-un-placer-inconfesable","status":"publish","type":"post","link":"https:\/\/blog.lapecera.ch\/?p=2349","title":{"rendered":"[D\u00eda 13] Un placer inconfesable"},"content":{"rendered":"<p>Podr\u00eda confesar lo de las rancheras, pero eso es un secreto a voces, as\u00ed que confesar\u00e9 otra cosa.<\/p>\n<p>Yo confieso que me gusta Miley Cyrus, \u00a1tach\u00e1n! Me gusta su voz ronquita, aunque no sea ninguna maravilla&#8230; Bueno, no me gustan todas las canciones, pero la m\u00e1s inconfesable es la de la peli de Hannah Montana v.v<\/p>\n<p><strong><span style=\"font-size: 120%\"><em>The Climb<\/em><\/a><\/span><br \/>\nMiley Cyrus<\/strong><br \/>\n<span style=\"font-size: 75%\"><b>\u00c1lbum:<\/b> <em>Hannah Montana: The Movie<\/em> (2009)<\/span><\/p>\n<p><object width=\"560\" height=\"340\"><param name=\"movie\" value=\"http:\/\/www.youtube.com\/v\/uDKs7qEavXo?fs=1&amp;hl=de_DE&amp;color1=0x5d1719&amp;color2=0xcd311b\"><\/param><param name=\"allowFullScreen\" value=\"true\"><\/param><param name=\"allowscriptaccess\" value=\"always\"><\/param><embed src=\"http:\/\/www.youtube.com\/v\/uDKs7qEavXo?fs=1&amp;hl=de_DE&amp;color1=0x5d1719&amp;color2=0xcd311b\" type=\"application\/x-shockwave-flash\" allowscriptaccess=\"always\" allowfullscreen=\"true\" width=\"560\" height=\"340\"><\/embed><\/object><\/p>\n<blockquote><p>Ain&#8217;t about how fast I get there<br \/>\nAin&#8217;t about what&#8217;s waiting on the other side<br \/>\nIt&#8217;s the climb&#8230;<\/p><\/blockquote>\n<p>Me parece una canci\u00f3n positiva y motivadora, me gusta el ritmo y me sube la moral cuando la escucho&#8230; Ahora sois libres de perderme el respeto \ud83d\ude1b <\/p>\n<p>Llevo una semana agotadora. Estoy de instalaciones, informes, porfavores y reproches hasta los mism\u00edsimos&#8230; Menos m\u00e1s que ya es viernes y ma\u00f1ana me voy a escalar, as\u00ed, fijo, que se me olvidan los problemas de la empresa xDDD <\/p>\n<p>\u00a1Ah! Hablando de la Cyrus, \u00bfsab\u00edais que tiene el papel protagonista en el <a href=\"http:\/\/www.imdb.com\/title\/tt1592873\/\" target=\"_blank\">remake americano<\/a> de la pel\u00edcula francesa, <a href=\"http:\/\/www.imdb.com\/title\/tt1194616\/\" target=\"_blank\">LOL (Laughing Out Loud)<\/a>? La gente dir\u00e1 que no es una gran actriz, pero apuesto lo que quer\u00e1is a que tiene m\u00e1s gracia que la ni\u00f1a francesa que hac\u00eda de Lola. El \u00fanico m\u00e9rito de la pel\u00edcula francesa es tener a Sophie Marceau haciendo de madre divorciada neur\u00f3tica&#8230; Me pregunto cu\u00e1ndo estrenar\u00e1n la americana&#8230; O.o<\/p>\n<p>Os dejo, voy a acabar con la \u00faltima instalaci\u00f3n de la semana para irme luego pa casa&#8230;<\/p>\n<p>Con esto y un bizcocho&#8230; Besos<br \/>\nCris<\/p>\n<p>PS: Me he abierto una cuenta en <a href=\"http:\/\/papalbina.tumblr.com\" target=\"_blank\">Tumblr<\/a>, de momento la uso para algunas fotos de la Hipstamatic, pero a\u00fan no le he pillado yo el tranquillo a esa plataforma&#8230;<br \/>\nPS2: Ayer en clase de canto lo intentamos con <em>Rolling in the deep<\/em>. No fue un desastre, pero definitivamente yo de diva del soul no tengo nada&#8230; En todo caso, diva de las ratitas \u00ac\u00ac<\/p>\n","protected":false},"excerpt":{"rendered":"<p>Podr\u00eda confesar lo de las rancheras, pero eso es un secreto a voces, as\u00ed que confesar\u00e9 otra cosa. Yo confieso que me gusta Miley Cyrus, \u00a1tach\u00e1n! Me gusta su voz ronquita, aunque no sea ninguna maravilla&#8230; Bueno, no me gustan todas las canciones, pero la m\u00e1s inconfesable es la de la peli de Hannah Montana [&hellip;]<\/p>\n","protected":false},"author":3,"featured_media":0,"comment_status":"open","ping_status":"closed","sticky":false,"template":"","format":"standard","meta":{"footnotes":""},"categories":[],"tags":[],"class_list":["post-2349","post","type-post","status-publish","format-standard","hentry"],"_links":{"self":[{"href":"https:\/\/blog.lapecera.ch\/index.php?rest_route=\/wp\/v2\/posts\/2349","targetHints":{"allow":["GET"]}}],"collection":[{"href":"https:\/\/blog.lapecera.ch\/index.php?rest_route=\/wp\/v2\/posts"}],"about":[{"href":"https:\/\/blog.lapecera.ch\/index.php?rest_route=\/wp\/v2\/types\/post"}],"author":[{"embeddable":true,"href":"https:\/\/blog.lapecera.ch\/index.php?rest_route=\/wp\/v2\/users\/3"}],"replies":[{"embeddable":true,"href":"https:\/\/blog.lapecera.ch\/index.php?rest_route=%2Fwp%2Fv2%2Fcomments&post=2349"}],"version-history":[{"count":0,"href":"https:\/\/blog.lapecera.ch\/index.php?rest_route=\/wp\/v2\/posts\/2349\/revisions"}],"wp:attachment":[{"href":"https:\/\/blog.lapecera.ch\/index.php?rest_route=%2Fwp%2Fv2%2Fmedia&parent=2349"}],"wp:term":[{"taxonomy":"category","embeddable":true,"href":"https:\/\/blog.lapecera.ch\/index.php?rest_route=%2Fwp%2Fv2%2Fcategories&post=2349"},{"taxonomy":"post_tag","embeddable":true,"href":"https:\/\/blog.lapecera.ch\/index.php?rest_route=%2Fwp%2Fv2%2Ftags&post=2349"}],"curies":[{"name":"wp","href":"https:\/\/api.w.org\/{rel}","templated":true}]}}