{"id":2346,"date":"2011-05-26T08:18:32","date_gmt":"2011-05-26T06:18:32","guid":{"rendered":"http:\/\/lapecera.ch\/?p=2346"},"modified":"2011-05-26T08:18:32","modified_gmt":"2011-05-26T06:18:32","slug":"dia-12-una-cancion-del-grupo-que-menos-me-gusta","status":"publish","type":"post","link":"https:\/\/blog.lapecera.ch\/?p=2346","title":{"rendered":"[D\u00eda 12] Una canci\u00f3n del grupo que menos me gusta"},"content":{"rendered":"<p>Voy a cometer una infamia, pero si no me gusta, no me gusta y la cosa no se puede arreglar.<\/p>\n<p><strong><span style=\"font-size: 120%\"><em>Start me up<\/em><\/a><\/span><br \/>\nThe Rolling Stones<\/strong><br \/>\n<span style=\"font-size: 75%\"><b>\u00c1lbum:<\/b> <em>Tattoo you<\/em> (1981)<\/span><\/p>\n<p><object width=\"560\" height=\"340\"><param name=\"movie\" value=\"http:\/\/www.youtube.com\/v\/Nqp2stVMVjM?fs=1&amp;hl=de_DE&amp;color1=0x5d1719&amp;color2=0xcd311b\"><\/param><param name=\"allowFullScreen\" value=\"true\"><\/param><param name=\"allowscriptaccess\" value=\"always\"><\/param><embed src=\"http:\/\/www.youtube.com\/v\/Nqp2stVMVjM?fs=1&amp;hl=de_DE&amp;color1=0x5d1719&amp;color2=0xcd311b\" type=\"application\/x-shockwave-flash\" allowscriptaccess=\"always\" allowfullscreen=\"true\" width=\"560\" height=\"340\"><\/embed><\/object><\/p>\n<p>No tengo m\u00e1s que a\u00f1adir. Ahora pueden ustedes llamarme inculta o hereje o lo que prefieran. No voy a cambiar de idea con respecto a estos tipos \ud83d\ude1b<\/p>\n<p>Con esto y un bizcocho&#8230; Besos<br \/>\nCris<\/p>\n","protected":false},"excerpt":{"rendered":"<p>Voy a cometer una infamia, pero si no me gusta, no me gusta y la cosa no se puede arreglar. Start me up The Rolling Stones \u00c1lbum: Tattoo you (1981) No tengo m\u00e1s que a\u00f1adir. Ahora pueden ustedes llamarme inculta o hereje o lo que prefieran. No voy a cambiar de idea con respecto a [&hellip;]<\/p>\n","protected":false},"author":3,"featured_media":0,"comment_status":"open","ping_status":"closed","sticky":false,"template":"","format":"standard","meta":{"footnotes":""},"categories":[],"tags":[],"class_list":["post-2346","post","type-post","status-publish","format-standard","hentry"],"_links":{"self":[{"href":"https:\/\/blog.lapecera.ch\/index.php?rest_route=\/wp\/v2\/posts\/2346","targetHints":{"allow":["GET"]}}],"collection":[{"href":"https:\/\/blog.lapecera.ch\/index.php?rest_route=\/wp\/v2\/posts"}],"about":[{"href":"https:\/\/blog.lapecera.ch\/index.php?rest_route=\/wp\/v2\/types\/post"}],"author":[{"embeddable":true,"href":"https:\/\/blog.lapecera.ch\/index.php?rest_route=\/wp\/v2\/users\/3"}],"replies":[{"embeddable":true,"href":"https:\/\/blog.lapecera.ch\/index.php?rest_route=%2Fwp%2Fv2%2Fcomments&post=2346"}],"version-history":[{"count":0,"href":"https:\/\/blog.lapecera.ch\/index.php?rest_route=\/wp\/v2\/posts\/2346\/revisions"}],"wp:attachment":[{"href":"https:\/\/blog.lapecera.ch\/index.php?rest_route=%2Fwp%2Fv2%2Fmedia&parent=2346"}],"wp:term":[{"taxonomy":"category","embeddable":true,"href":"https:\/\/blog.lapecera.ch\/index.php?rest_route=%2Fwp%2Fv2%2Fcategories&post=2346"},{"taxonomy":"post_tag","embeddable":true,"href":"https:\/\/blog.lapecera.ch\/index.php?rest_route=%2Fwp%2Fv2%2Ftags&post=2346"}],"curies":[{"name":"wp","href":"https:\/\/api.w.org\/{rel}","templated":true}]}}