{"id":2342,"date":"2011-05-25T09:56:45","date_gmt":"2011-05-25T07:56:45","guid":{"rendered":"http:\/\/lapecera.ch\/?p=2342"},"modified":"2011-05-25T09:56:45","modified_gmt":"2011-05-25T07:56:45","slug":"dia-11-una-cancion-de-mi-grupo-favorito","status":"publish","type":"post","link":"https:\/\/blog.lapecera.ch\/?p=2342","title":{"rendered":"[D\u00eda 11] Una canci\u00f3n de mi grupo favorito"},"content":{"rendered":"<p>Otra f\u00e1cil, aunque estrictamente hablando no es un grupo: <a href=\"http:\/\/lapecera.ch\/2008\/10\/mis-cedes-brandi-carlile\/\" target=\"_blank\">Brandi Carlile<\/a><\/p>\n<p><strong><span style=\"font-size: 120%\"><em>Oh, dear!<\/em><\/a><\/span><br \/>\nBrandi Carlile<\/strong><br \/>\n<span style=\"font-size: 75%\"><b>\u00c1lbum:<\/b> <em>Give up the ghost<\/em> (2009)<\/span><\/p>\n<p><object width=\"560\" height=\"340\"><param name=\"movie\" value=\"http:\/\/www.youtube.com\/v\/5SDpZrLciCE?fs=1&amp;hl=de_DE&amp;color1=0x5d1719&amp;color2=0xcd311b\"><\/param><param name=\"allowFullScreen\" value=\"true\"><\/param><param name=\"allowscriptaccess\" value=\"always\"><\/param><embed src=\"http:\/\/www.youtube.com\/v\/5SDpZrLciCE?fs=1&amp;hl=de_DE&amp;color1=0x5d1719&amp;color2=0xcd311b\" type=\"application\/x-shockwave-flash\" allowscriptaccess=\"always\" allowfullscreen=\"true\" width=\"560\" height=\"340\"><\/embed><\/object><\/p>\n<blockquote><p>Who cares if we&#8217;re scared?<br \/>\nEveryone is on their own<\/p><\/blockquote>\n<p>Me voy a mis <em>meetings <\/em>del d\u00eda T___T Espero no dormirme sobre la mesa zzZzzZzZzz<\/p>\n<p>Con esto y un bizcocho&#8230; Besos<br \/>\nCris<\/p>\n","protected":false},"excerpt":{"rendered":"<p>Otra f\u00e1cil, aunque estrictamente hablando no es un grupo: Brandi Carlile Oh, dear! Brandi Carlile \u00c1lbum: Give up the ghost (2009) Who cares if we&#8217;re scared? Everyone is on their own Me voy a mis meetings del d\u00eda T___T Espero no dormirme sobre la mesa zzZzzZzZzz Con esto y un bizcocho&#8230; Besos Cris<\/p>\n","protected":false},"author":3,"featured_media":0,"comment_status":"open","ping_status":"closed","sticky":false,"template":"","format":"standard","meta":{"footnotes":""},"categories":[],"tags":[],"class_list":["post-2342","post","type-post","status-publish","format-standard","hentry"],"_links":{"self":[{"href":"https:\/\/blog.lapecera.ch\/index.php?rest_route=\/wp\/v2\/posts\/2342","targetHints":{"allow":["GET"]}}],"collection":[{"href":"https:\/\/blog.lapecera.ch\/index.php?rest_route=\/wp\/v2\/posts"}],"about":[{"href":"https:\/\/blog.lapecera.ch\/index.php?rest_route=\/wp\/v2\/types\/post"}],"author":[{"embeddable":true,"href":"https:\/\/blog.lapecera.ch\/index.php?rest_route=\/wp\/v2\/users\/3"}],"replies":[{"embeddable":true,"href":"https:\/\/blog.lapecera.ch\/index.php?rest_route=%2Fwp%2Fv2%2Fcomments&post=2342"}],"version-history":[{"count":0,"href":"https:\/\/blog.lapecera.ch\/index.php?rest_route=\/wp\/v2\/posts\/2342\/revisions"}],"wp:attachment":[{"href":"https:\/\/blog.lapecera.ch\/index.php?rest_route=%2Fwp%2Fv2%2Fmedia&parent=2342"}],"wp:term":[{"taxonomy":"category","embeddable":true,"href":"https:\/\/blog.lapecera.ch\/index.php?rest_route=%2Fwp%2Fv2%2Fcategories&post=2342"},{"taxonomy":"post_tag","embeddable":true,"href":"https:\/\/blog.lapecera.ch\/index.php?rest_route=%2Fwp%2Fv2%2Ftags&post=2342"}],"curies":[{"name":"wp","href":"https:\/\/api.w.org\/{rel}","templated":true}]}}