{"id":2333,"date":"2011-05-23T15:30:02","date_gmt":"2011-05-23T13:30:02","guid":{"rendered":"http:\/\/lapecera.ch\/?p=2333"},"modified":"2011-05-23T15:30:02","modified_gmt":"2011-05-23T13:30:02","slug":"dia-9-una-cancion-con-la-que-me-entran-ganas-de-bailar","status":"publish","type":"post","link":"https:\/\/blog.lapecera.ch\/?p=2333","title":{"rendered":"[D\u00eda 9] Una canci\u00f3n con la que me entran ganas de bailar"},"content":{"rendered":"<p>De esas hay muchas, pero como me tengo que quedar con una, os pongo una de The Baseballs \ud83d\ude1b<\/p>\n<p><strong><span style=\"font-size: 120%\"><em>Hello<\/em><\/a><\/span><br \/>\nThe Baseballs<\/strong><br \/>\n<span style=\"font-size: 75%\"><b>\u00c1lbum:<\/b> <em>Strings &#8216;n&#8217; Stripes <\/em> (2011)<\/span><\/p>\n<p><object width=\"560\" height=\"340\"><param name=\"movie\" value=\"http:\/\/www.youtube.com\/v\/qF1kNnHOHrE?fs=1&amp;hl=de_DE&amp;color1=0x5d1719&amp;color2=0xcd311b\"><\/param><param name=\"allowFullScreen\" value=\"true\"><\/param><param name=\"allowscriptaccess\" value=\"always\"><\/param><embed src=\"http:\/\/www.youtube.com\/v\/qF1kNnHOHrE#t=4m18s?fs=1&amp;hl=de_DE&amp;color1=0x5d1719&amp;color2=0xcd311b\" type=\"application\/x-shockwave-flash\" allowscriptaccess=\"always\" allowfullscreen=\"true\" width=\"560\" height=\"340\"><\/embed><\/object><\/p>\n<blockquote><p>I just came to say hello<\/p><\/blockquote>\n<p>Ya s\u00e9 que esto ten\u00eda que haberlo hecho este fin de semana, pero desde lo alto del Grosser Mythen no apetec\u00eda (\u00a1ay, qu\u00e9 agujetas!), y el domingo lo pasamos pr\u00e1cticamente entero en casa de Silvia celebrando su cumplea\u00f1os xDD El evento con el bus a Liestal de las 21h05 os lo cuento otro d\u00eda \ud83d\ude1b<\/p>\n<p>Voy a seguir currando \ud83d\ude09<\/p>\n<p>Con esto y un bizcocho&#8230; Besos<br \/>\nCris<\/p>\n","protected":false},"excerpt":{"rendered":"<p>De esas hay muchas, pero como me tengo que quedar con una, os pongo una de The Baseballs \ud83d\ude1b Hello The Baseballs \u00c1lbum: Strings &#8216;n&#8217; Stripes (2011) I just came to say hello Ya s\u00e9 que esto ten\u00eda que haberlo hecho este fin de semana, pero desde lo alto del Grosser Mythen no apetec\u00eda (\u00a1ay, [&hellip;]<\/p>\n","protected":false},"author":3,"featured_media":0,"comment_status":"open","ping_status":"closed","sticky":false,"template":"","format":"standard","meta":{"footnotes":""},"categories":[],"tags":[],"class_list":["post-2333","post","type-post","status-publish","format-standard","hentry"],"_links":{"self":[{"href":"https:\/\/blog.lapecera.ch\/index.php?rest_route=\/wp\/v2\/posts\/2333","targetHints":{"allow":["GET"]}}],"collection":[{"href":"https:\/\/blog.lapecera.ch\/index.php?rest_route=\/wp\/v2\/posts"}],"about":[{"href":"https:\/\/blog.lapecera.ch\/index.php?rest_route=\/wp\/v2\/types\/post"}],"author":[{"embeddable":true,"href":"https:\/\/blog.lapecera.ch\/index.php?rest_route=\/wp\/v2\/users\/3"}],"replies":[{"embeddable":true,"href":"https:\/\/blog.lapecera.ch\/index.php?rest_route=%2Fwp%2Fv2%2Fcomments&post=2333"}],"version-history":[{"count":0,"href":"https:\/\/blog.lapecera.ch\/index.php?rest_route=\/wp\/v2\/posts\/2333\/revisions"}],"wp:attachment":[{"href":"https:\/\/blog.lapecera.ch\/index.php?rest_route=%2Fwp%2Fv2%2Fmedia&parent=2333"}],"wp:term":[{"taxonomy":"category","embeddable":true,"href":"https:\/\/blog.lapecera.ch\/index.php?rest_route=%2Fwp%2Fv2%2Fcategories&post=2333"},{"taxonomy":"post_tag","embeddable":true,"href":"https:\/\/blog.lapecera.ch\/index.php?rest_route=%2Fwp%2Fv2%2Ftags&post=2333"}],"curies":[{"name":"wp","href":"https:\/\/api.w.org\/{rel}","templated":true}]}}