{"id":2326,"date":"2011-05-20T13:16:01","date_gmt":"2011-05-20T11:16:01","guid":{"rendered":"http:\/\/lapecera.ch\/?p=2326"},"modified":"2011-05-20T13:16:01","modified_gmt":"2011-05-20T11:16:01","slug":"dia-8-una-cancion-de-la-que-me-se-la-letra-de-memoria","status":"publish","type":"post","link":"https:\/\/blog.lapecera.ch\/?p=2326","title":{"rendered":"[D\u00eda 8] Una canci\u00f3n de la que me s\u00e9 la letra de memoria"},"content":{"rendered":"<p>\u00a1Ja! El otro d\u00eda, Cro contaba en vi\u00f1etas en su blog porqu\u00e9 <a href=\"http:\/\/www.cronicassalemitas.com\/2011\/05\/por-que-yo-no-podria-ser-una-estrella.html\" target=\"_blank\">\u00e9l nunca podr\u00eda ser una estrella musical<\/a> y la primera raz\u00f3n era: \u00abNo puedo recordar m\u00e1s de dos versos seguidos de una canci\u00f3n\u00bb. Pues bien, a m\u00ed me pasa lo mismo, sobre todo, cuando canto sola en casa o <a href=\"http:\/\/lapecera.ch\/2010\/10\/crisis-artistica\/\" target=\"_blank\">tengo los nervios de una actuaci\u00f3n encima<\/a> xDD<\/p>\n<p>Me s\u00e9 muchos estribillos, pero letras enteras sin mezclar versos pocas, probablemente solo las de Disney y ni siquiera esas \ud83d\ude1b As\u00ed que me voy a quedar con una que me mola&#8230; y en la que siempre canto los versos intercambiados, pero total, \u00bfqu\u00e9 m\u00e1s da?<\/p>\n<p><strong><span style=\"font-size: 120%\"><em>Morir\u00eda por vos<\/em><\/a><\/span><br \/>\nAmaral<\/strong><br \/>\n<span style=\"font-size: 75%\"><b>\u00c1lbum:<\/b> <em>Estrella de mar<\/em> (2002)<\/span><\/p>\n<blockquote><p>Como Nicolas Cage en Living las Vegas<br \/>\nVeo caer la nieve en la hierba,<br \/>\nUn Robinson en una isla desierta<br \/>\nComo Nicolas Cage en Living las Vegas<br \/>\nSoy el invierno contra tu primavera,<br \/>\nUn Dorian Gray sin pasado ni patria ni bandera<\/p>\n<p>Ser\u00e1 tu voz, ser\u00e1 el licor,<br \/>\nSer\u00e1n las luces de esta habitaci\u00f3n<br \/>\nSer\u00e1 el poder de una canci\u00f3n,<br \/>\nPero esta noche morir\u00eda por vos<br \/>\nSer\u00e1 el champagne, ser\u00e1 el color de tus ojos verdes<br \/>\nDe ciencia ficci\u00f3n,<br \/>\nLa \u00faltima cena para los dos<br \/>\nPero esta noche morir\u00eda por vos<\/p>\n<p>Como Nicolas Cage en Living las Vegas<br \/>\nNo tengo planes m\u00e1s all\u00e1 de esta cena,<br \/>\nEs un misterio hacia d\u00f3nde la noche nos lleva<br \/>\nComo Nicolas Cage en Living las Vegas<br \/>\nVamos, mi ni\u00f1o, a perder la cabeza<br \/>\nComo si fuera nuestro \u00faltimo d\u00eda en la Tierra<\/p>\n<p>Ser\u00e1 tu voz, ser\u00e1 el licor<br \/>\nSer\u00e1n las luces de esta habitaci\u00f3n<br \/>\nSer\u00e1 que suena Marquee Moon<br \/>\nPero esta noche morir\u00eda por vos<br \/>\nSer\u00e1 el champagne, ser\u00e1 el color de tus ojos verdes<br \/>\nDe ciencia ficci\u00f3n<br \/>\nLa ultima cena para los dos<br \/>\nPero esta noche morir\u00eda por vos.<\/p><\/blockquote>\n<p>Ma\u00f1ana nos vamos a la monta\u00f1a, si no llueve; el domingo toca cumplea\u00f1os y hacer de conejillos de indias para las tartas de Silvia ^____^ Ya os contar\u00e9 \ud83d\ude42<\/p>\n<p>Con esto y un bizcocho&#8230; Besos<br \/>\nCris<\/p>\n","protected":false},"excerpt":{"rendered":"<p>\u00a1Ja! El otro d\u00eda, Cro contaba en vi\u00f1etas en su blog porqu\u00e9 \u00e9l nunca podr\u00eda ser una estrella musical y la primera raz\u00f3n era: \u00abNo puedo recordar m\u00e1s de dos versos seguidos de una canci\u00f3n\u00bb. Pues bien, a m\u00ed me pasa lo mismo, sobre todo, cuando canto sola en casa o tengo los nervios de [&hellip;]<\/p>\n","protected":false},"author":3,"featured_media":0,"comment_status":"open","ping_status":"closed","sticky":false,"template":"","format":"standard","meta":{"footnotes":""},"categories":[],"tags":[],"class_list":["post-2326","post","type-post","status-publish","format-standard","hentry"],"_links":{"self":[{"href":"https:\/\/blog.lapecera.ch\/index.php?rest_route=\/wp\/v2\/posts\/2326","targetHints":{"allow":["GET"]}}],"collection":[{"href":"https:\/\/blog.lapecera.ch\/index.php?rest_route=\/wp\/v2\/posts"}],"about":[{"href":"https:\/\/blog.lapecera.ch\/index.php?rest_route=\/wp\/v2\/types\/post"}],"author":[{"embeddable":true,"href":"https:\/\/blog.lapecera.ch\/index.php?rest_route=\/wp\/v2\/users\/3"}],"replies":[{"embeddable":true,"href":"https:\/\/blog.lapecera.ch\/index.php?rest_route=%2Fwp%2Fv2%2Fcomments&post=2326"}],"version-history":[{"count":0,"href":"https:\/\/blog.lapecera.ch\/index.php?rest_route=\/wp\/v2\/posts\/2326\/revisions"}],"wp:attachment":[{"href":"https:\/\/blog.lapecera.ch\/index.php?rest_route=%2Fwp%2Fv2%2Fmedia&parent=2326"}],"wp:term":[{"taxonomy":"category","embeddable":true,"href":"https:\/\/blog.lapecera.ch\/index.php?rest_route=%2Fwp%2Fv2%2Fcategories&post=2326"},{"taxonomy":"post_tag","embeddable":true,"href":"https:\/\/blog.lapecera.ch\/index.php?rest_route=%2Fwp%2Fv2%2Ftags&post=2326"}],"curies":[{"name":"wp","href":"https:\/\/api.w.org\/{rel}","templated":true}]}}