{"id":2312,"date":"2011-05-19T13:41:10","date_gmt":"2011-05-19T11:41:10","guid":{"rendered":"http:\/\/lapecera.ch\/?p=2312"},"modified":"2011-05-19T13:41:10","modified_gmt":"2011-05-19T11:41:10","slug":"dia-7-una-cancion-que-me-recuerde-algun-evento","status":"publish","type":"post","link":"https:\/\/blog.lapecera.ch\/?p=2312","title":{"rendered":"[D\u00eda 7] Una canci\u00f3n que me recuerda un evento"},"content":{"rendered":"<p>Bueno, eventos que me recuerden canciones hay unos cuantos, pero los que m\u00e1s est\u00e1n ligados a canciones fueron mis actuaciones&#8230; Ver los v\u00eddeos que tengo desde <em>Hijo de la luna<\/em> en el Kaufleuten, pasando por <em>Don&#8217;t stop<\/em> en la Hoffest de itsystems, hasta <em>Time after time<\/em> o <em>Mercy<\/em> en Modern Voices 2010 me hace ver que voy aprendiendo a presentarme encima de un escenario, vamos, que he mejorado xDD \u00a1Menos mal! Pondr\u00eda como canci\u00f3n estelar la de Mecano con el v\u00eddeo en cuesti\u00f3n, pero como no tengo ganas de morirme de verg\u00fcenza, mejor os dejo con Modern Voices \ud83d\ude1b <\/p>\n<p><strong><span style=\"font-size: 120%\"><em>Time after time<\/em><\/a><\/span><br \/>\nCyndi Lauper<\/strong><br \/>\n<span style=\"font-size: 75%\"><b>\u00c1lbum:<\/b> <em>She&#8217;s so unusual<\/em> (1984)<\/span><\/p>\n<p><object width=\"560\" height=\"315\" classid=\"clsid:d27cdb6e-ae6d-11cf-96b8-444553540000\" codebase=\"http:\/\/download.macromedia.com\/pub\/shockwave\/cabs\/flash\/swflash.cab#version=6,0,40,0\"><param name=\"allowFullScreen\" value=\"true\" \/><param name=\"allowscriptaccess\" value=\"always\" \/><param name=\"src\" value=\"http:\/\/www.youtube.com\/v\/L6Yca5BIpp8?fs=1&amp;hl=de_DE&amp;color1=0x5d1719&amp;color2=0xcd311b;t=257\" \/><param name=\"allowfullscreen\" value=\"true\" \/><embed width=\"560\" height=\"315\" type=\"application\/x-shockwave-flash\" src=\"http:\/\/www.youtube.com\/v\/L6Yca5BIpp8#t=257?fs=1&amp;hl=de_DE&amp;color1=0x5d1719&amp;color2=0xcd311b;t=257\" allowFullScreen=\"true\" allowscriptaccess=\"always\" allowfullscreen=\"true\" \/><\/object><\/p>\n<blockquote><p>If you fall, I will catch you, I will be waiting<br \/>\nTime after time<\/p><\/blockquote>\n<p>Y sanseacab\u00f3, ya me he muerto de la verg\u00fcenza suficientemente por hoy v.v Ma\u00f1ana m\u00e1s (m\u00fasica, no verg\u00fcenza).<\/p>\n<p>Con esto y un bizcocho&#8230; Besos<br \/>\nCris<\/p>\n","protected":false},"excerpt":{"rendered":"<p>Bueno, eventos que me recuerden canciones hay unos cuantos, pero los que m\u00e1s est\u00e1n ligados a canciones fueron mis actuaciones&#8230; Ver los v\u00eddeos que tengo desde Hijo de la luna en el Kaufleuten, pasando por Don&#8217;t stop en la Hoffest de itsystems, hasta Time after time o Mercy en Modern Voices 2010 me hace ver [&hellip;]<\/p>\n","protected":false},"author":3,"featured_media":0,"comment_status":"open","ping_status":"closed","sticky":false,"template":"","format":"standard","meta":{"footnotes":""},"categories":[],"tags":[],"class_list":["post-2312","post","type-post","status-publish","format-standard","hentry"],"_links":{"self":[{"href":"https:\/\/blog.lapecera.ch\/index.php?rest_route=\/wp\/v2\/posts\/2312","targetHints":{"allow":["GET"]}}],"collection":[{"href":"https:\/\/blog.lapecera.ch\/index.php?rest_route=\/wp\/v2\/posts"}],"about":[{"href":"https:\/\/blog.lapecera.ch\/index.php?rest_route=\/wp\/v2\/types\/post"}],"author":[{"embeddable":true,"href":"https:\/\/blog.lapecera.ch\/index.php?rest_route=\/wp\/v2\/users\/3"}],"replies":[{"embeddable":true,"href":"https:\/\/blog.lapecera.ch\/index.php?rest_route=%2Fwp%2Fv2%2Fcomments&post=2312"}],"version-history":[{"count":0,"href":"https:\/\/blog.lapecera.ch\/index.php?rest_route=\/wp\/v2\/posts\/2312\/revisions"}],"wp:attachment":[{"href":"https:\/\/blog.lapecera.ch\/index.php?rest_route=%2Fwp%2Fv2%2Fmedia&parent=2312"}],"wp:term":[{"taxonomy":"category","embeddable":true,"href":"https:\/\/blog.lapecera.ch\/index.php?rest_route=%2Fwp%2Fv2%2Fcategories&post=2312"},{"taxonomy":"post_tag","embeddable":true,"href":"https:\/\/blog.lapecera.ch\/index.php?rest_route=%2Fwp%2Fv2%2Ftags&post=2312"}],"curies":[{"name":"wp","href":"https:\/\/api.w.org\/{rel}","templated":true}]}}