{"id":2293,"date":"2011-05-17T08:30:18","date_gmt":"2011-05-17T06:30:18","guid":{"rendered":"http:\/\/lapecera.ch\/?p=2293"},"modified":"2011-05-17T08:30:18","modified_gmt":"2011-05-17T06:30:18","slug":"dia-5-una-cancion-que-me-recuerda-a-alguien","status":"publish","type":"post","link":"https:\/\/blog.lapecera.ch\/?p=2293","title":{"rendered":"[D\u00eda 5] Una canci\u00f3n que me recuerda a alguien"},"content":{"rendered":"<p>\u00a1Buf, qu\u00e9 dif\u00edcil! La verdad es que creo que no hay ninguna canci\u00f3n que por s\u00ed misma, o sea, por la letra me recuerde a alguien, pero hay cientos de ellas que cuando las escucho, tengo que acordarme de fulanita o menganita por un ciento de razones. Podemos empezar con <em>El Rey<\/em> de Vicente Fern\u00e1ndez y <em>Rayando el sol<\/em> de Man\u00e1 que el viernes desencadenaron la cena m\u00e1s divertida de las Maris de Basilea, en la que acabamos cantando y bailando (ellas, yo hice el v\u00eddeo) en el restaurante mexicano de Dornach al que fuimos xDD Hasta nos hicimos una foto con un futbolista del FC Basel \ud83d\ude1b Otra, que tambi\u00e9n podr\u00eda servir para ma\u00f1ana, es <em>Llamando a la Tierra<\/em> de M Clan porque es la canci\u00f3n de Ra\u00fal, pero tambi\u00e9n de Bochum \ud83d\ude1b M\u00e1s: <em>Chalaneru<\/em> es de Tatiana, <em>Mi lim\u00f3n, mi limonero<\/em> es de Silvia, las rancheras de Roc\u00edo D\u00farcal son de mi hermana y un poquito tambi\u00e9n de Heidi, las canciones de John Mayer, sobre todo, <em>Slow dancing in a burning room<\/em>, son de Samantha, <em>Mi carro<\/em> de Manolo Escobar es la canci\u00f3n de Christoph por excelencia o por sordera, y cualquier canci\u00f3n de tonada asturiana me recuerda a mi abuelo&#8230; y as\u00ed puedo seguir hasta el infinito y m\u00e1s all\u00e1.<\/p>\n<p>Pero si tengo que pensar en alguien cuando canto o escucho una canci\u00f3n, tiene que ser en Emma, mi <em>sidekick <\/em>de las canciones Disney (y alguna que otra en japon\u00e9s xD), y en nuestro numerito estrella, <em>Un mundo ideal<\/em>. <\/p>\n<p><strong><span style=\"font-size: 120%\"><em>A whole new world<\/em><\/a><\/span><br \/>\nBrad Kane y Lea Salonga<\/strong><br \/>\n<span style=\"font-size: 75%\"><b>\u00c1lbum:<\/b> <em>Aladdin: Original Motion Picture Soundtrack<\/em> (1992)<\/span><\/p>\n<p><object width=\"560\" height=\"340\"><param name=\"movie\" value=\"http:\/\/www.youtube.com\/v\/J4vPsoA8snI?fs=1&amp;hl=de_DE&amp;color1=0x5d1719&amp;color2=0xcd311b\"><\/param><param name=\"allowFullScreen\" value=\"true\"><\/param><param name=\"allowscriptaccess\" value=\"always\"><\/param><embed src=\"http:\/\/www.youtube.com\/v\/J4vPsoA8snI?fs=1&amp;hl=de_DE&amp;color1=0x5d1719&amp;color2=0xcd311b\" type=\"application\/x-shockwave-flash\" allowscriptaccess=\"always\" allowfullscreen=\"true\" width=\"560\" height=\"340\"><\/embed><\/object><\/p>\n<blockquote><p><em>A whole new world<\/em><br \/>\nEvery turn a surprise<br \/>\n<em>With new horizons to pursue<\/em><br \/>\nEvery moment gets better<br \/>\nI&#8217;ll chase them anywhere<br \/>\nThere&#8217;s time to spare<br \/>\nLet me share this whole new world with you<\/p><\/blockquote>\n<p>Si mal no recuerdo, yo sol\u00eda hacer la parte de Aladd\u00edn y Emma cantaba como Jasmine, pero igual se me est\u00e1n cruzando los cables porque he cantado tantas veces esta canci\u00f3n que ya no s\u00e9 qu\u00e9 voz hac\u00eda ni cu\u00e1ndo xDD <\/p>\n<p>Hoy me voy a ver a Ralf Isau en Olten, si me dejan, que con todo lo que tengo que hacer, igual no me dejan marcharme a las 2h v.v<\/p>\n<p>Con esto y un bizcocho&#8230; Besos<br \/>\nCris<\/p>\n","protected":false},"excerpt":{"rendered":"<p>\u00a1Buf, qu\u00e9 dif\u00edcil! La verdad es que creo que no hay ninguna canci\u00f3n que por s\u00ed misma, o sea, por la letra me recuerde a alguien, pero hay cientos de ellas que cuando las escucho, tengo que acordarme de fulanita o menganita por un ciento de razones. Podemos empezar con El Rey de Vicente Fern\u00e1ndez [&hellip;]<\/p>\n","protected":false},"author":3,"featured_media":0,"comment_status":"open","ping_status":"closed","sticky":false,"template":"","format":"standard","meta":{"footnotes":""},"categories":[],"tags":[],"class_list":["post-2293","post","type-post","status-publish","format-standard","hentry"],"_links":{"self":[{"href":"https:\/\/blog.lapecera.ch\/index.php?rest_route=\/wp\/v2\/posts\/2293","targetHints":{"allow":["GET"]}}],"collection":[{"href":"https:\/\/blog.lapecera.ch\/index.php?rest_route=\/wp\/v2\/posts"}],"about":[{"href":"https:\/\/blog.lapecera.ch\/index.php?rest_route=\/wp\/v2\/types\/post"}],"author":[{"embeddable":true,"href":"https:\/\/blog.lapecera.ch\/index.php?rest_route=\/wp\/v2\/users\/3"}],"replies":[{"embeddable":true,"href":"https:\/\/blog.lapecera.ch\/index.php?rest_route=%2Fwp%2Fv2%2Fcomments&post=2293"}],"version-history":[{"count":0,"href":"https:\/\/blog.lapecera.ch\/index.php?rest_route=\/wp\/v2\/posts\/2293\/revisions"}],"wp:attachment":[{"href":"https:\/\/blog.lapecera.ch\/index.php?rest_route=%2Fwp%2Fv2%2Fmedia&parent=2293"}],"wp:term":[{"taxonomy":"category","embeddable":true,"href":"https:\/\/blog.lapecera.ch\/index.php?rest_route=%2Fwp%2Fv2%2Fcategories&post=2293"},{"taxonomy":"post_tag","embeddable":true,"href":"https:\/\/blog.lapecera.ch\/index.php?rest_route=%2Fwp%2Fv2%2Ftags&post=2293"}],"curies":[{"name":"wp","href":"https:\/\/api.w.org\/{rel}","templated":true}]}}