{"id":2281,"date":"2011-05-16T09:22:32","date_gmt":"2011-05-16T07:22:32","guid":{"rendered":"http:\/\/lapecera.ch\/?p=2281"},"modified":"2011-05-16T09:22:32","modified_gmt":"2011-05-16T07:22:32","slug":"dia-4-una-cancion-que-me-pone-triste","status":"publish","type":"post","link":"https:\/\/blog.lapecera.ch\/?p=2281","title":{"rendered":"[D\u00eda 4] Una canci\u00f3n que me pone triste"},"content":{"rendered":"<p>No es culpa de Anna, ni de la m\u00fasica, ni de la letra. No, la culpa la tienen los sordos que habitan Europa que prefieren esa cosa tan <em>Kitsch <\/em>que cantaron Elli y Nikki de Azerbaiy\u00e1n desafinando, o permiten que Bosnia, Grecia e Irlanda queden en los puestos 6, 7 y 8, respectivamente. No voy a hablar de los italianos, que con el cuento de tocar jazz, que se supone el s\u00fammum de la cultura musical alternativa, se tiende a olvidar que una canci\u00f3n hay que cantarla, no gritarla y\/o desgarrarla \u00ac\u00ac Yo me quedo con Anna Rossinelli de Basel, 23 a\u00f1os, que cant\u00f3 sin desafinar y\/o gritar una canci\u00f3n muy bonita y cuca, que no cursi, de calidad y, por desgracia para ella y sus chicos, nada espectacular&#8230; A m\u00ed&#8230; me pierde el ukelele \ud83d\ude1b<\/p>\n<p><strong><span style=\"font-size: 120%\"><em>In love for a while<\/em><\/a><\/span><br \/>\nAnna Rossinelli<\/strong><br \/>\n<span style=\"font-size: 75%\"><b>\u00c1lbum:<\/b> <em>Eurovision Song Contest D\u00fcsseldorf 2011<\/em> (2011)<\/span><\/p>\n<p><object width=\"560\" height=\"340\"><param name=\"movie\" value=\"http:\/\/www.youtube.com\/v\/wxLE5FmNJow?fs=1&amp;hl=de_DE&amp;color1=0x5d1719&amp;color2=0xcd311b\"><\/param><param name=\"allowFullScreen\" value=\"true\"><\/param><param name=\"allowscriptaccess\" value=\"always\"><\/param><embed src=\"http:\/\/www.youtube.com\/v\/wxLE5FmNJow?fs=1&amp;hl=de_DE&amp;color1=0x5d1719&amp;color2=0xcd311b\" type=\"application\/x-shockwave-flash\" allowscriptaccess=\"always\" allowfullscreen=\"true\" width=\"560\" height=\"340\"><\/embed><\/object><\/p>\n<blockquote><p>I looked into your eyes<br \/>\nAnd when I saw your smile<br \/>\nI knew right from the start<br \/>\nLife is good for a while<br \/>\nRomance comes and goes<br \/>\nBut a love like ours is here to stay<br \/>\nEach lovely night and sunny day<\/p><\/blockquote>\n<p>La \u00faltima vez que Suiza gan\u00f3 Eurovisi\u00f3n fue en 1988 en franc\u00e9s, igual que las otras dos veces que ganaron. Quiz\u00e1 deber\u00edan seguir prob\u00e1ndolo con ese idioma o dejarlo por imposible directamente. Os dejo con una desconocida C\u00e9line Dion y su pelo ochentero \ud83d\ude09<\/p>\n<p><object width=\"560\" height=\"340\"><param name=\"movie\" value=\"http:\/\/www.youtube.com\/v\/kLPlhvgE9qA?fs=1&amp;hl=de_DE&amp;color1=0x5d1719&amp;color2=0xcd311b\"><\/param><param name=\"allowFullScreen\" value=\"true\"><\/param><param name=\"allowscriptaccess\" value=\"always\"><\/param><embed src=\"http:\/\/www.youtube.com\/v\/kLPlhvgE9qA?fs=1&amp;hl=de_DE&amp;color1=0x5d1719&amp;color2=0xcd311b\" type=\"application\/x-shockwave-flash\" allowscriptaccess=\"always\" allowfullscreen=\"true\" width=\"560\" height=\"340\"><\/embed><\/object><\/p>\n<blockquote><p>Ne partez pas sans moi, laissez-moi vous suivre<br \/>\nVous qui volez vers d&#8217;autres vies laissez-moi vivre<br \/>\nLa plus belle aventure les plus beaux voyages<br \/>\nQui menent un jour sur des soleils sur des planetes d&#8217;amour<\/p><\/blockquote>\n<p>Espero que hay\u00e1is empezado la semana con buen pie&#8230; \ud83d\ude09<\/p>\n<p>Con esto y un bizcocho&#8230; Besos<br \/>\nCris<\/p>\n<p>PS: Si por m\u00ed hubiese sido, ESC 2011 deber\u00eda haberlo ganado Francia por cantar en corso o Serbia por cantar en serbio o Espa\u00f1a por seguir cantando en espa\u00f1ol, si la canci\u00f3n no hubiera sido tannn sosa dentro de lo supuestamente movido. <\/p>\n","protected":false},"excerpt":{"rendered":"<p>No es culpa de Anna, ni de la m\u00fasica, ni de la letra. No, la culpa la tienen los sordos que habitan Europa que prefieren esa cosa tan Kitsch que cantaron Elli y Nikki de Azerbaiy\u00e1n desafinando, o permiten que Bosnia, Grecia e Irlanda queden en los puestos 6, 7 y 8, respectivamente. No voy [&hellip;]<\/p>\n","protected":false},"author":3,"featured_media":0,"comment_status":"open","ping_status":"closed","sticky":false,"template":"","format":"standard","meta":{"footnotes":""},"categories":[],"tags":[],"class_list":["post-2281","post","type-post","status-publish","format-standard","hentry"],"_links":{"self":[{"href":"https:\/\/blog.lapecera.ch\/index.php?rest_route=\/wp\/v2\/posts\/2281","targetHints":{"allow":["GET"]}}],"collection":[{"href":"https:\/\/blog.lapecera.ch\/index.php?rest_route=\/wp\/v2\/posts"}],"about":[{"href":"https:\/\/blog.lapecera.ch\/index.php?rest_route=\/wp\/v2\/types\/post"}],"author":[{"embeddable":true,"href":"https:\/\/blog.lapecera.ch\/index.php?rest_route=\/wp\/v2\/users\/3"}],"replies":[{"embeddable":true,"href":"https:\/\/blog.lapecera.ch\/index.php?rest_route=%2Fwp%2Fv2%2Fcomments&post=2281"}],"version-history":[{"count":0,"href":"https:\/\/blog.lapecera.ch\/index.php?rest_route=\/wp\/v2\/posts\/2281\/revisions"}],"wp:attachment":[{"href":"https:\/\/blog.lapecera.ch\/index.php?rest_route=%2Fwp%2Fv2%2Fmedia&parent=2281"}],"wp:term":[{"taxonomy":"category","embeddable":true,"href":"https:\/\/blog.lapecera.ch\/index.php?rest_route=%2Fwp%2Fv2%2Fcategories&post=2281"},{"taxonomy":"post_tag","embeddable":true,"href":"https:\/\/blog.lapecera.ch\/index.php?rest_route=%2Fwp%2Fv2%2Ftags&post=2281"}],"curies":[{"name":"wp","href":"https:\/\/api.w.org\/{rel}","templated":true}]}}