{"id":2265,"date":"2011-05-14T20:51:13","date_gmt":"2011-05-14T18:51:13","guid":{"rendered":"http:\/\/lapecera.ch\/?p=2265"},"modified":"2011-05-14T20:51:13","modified_gmt":"2011-05-14T18:51:13","slug":"dia-2-una-cancion-a-la-que-le-tengo-mania","status":"publish","type":"post","link":"https:\/\/blog.lapecera.ch\/?p=2265","title":{"rendered":"[D\u00eda 2] Una canci\u00f3n a la que le tengo man\u00eda"},"content":{"rendered":"<p>De estas hay tambi\u00e9n hay un mont\u00f3n, pero ahora mismo se me vienen a la cabeza las canciones de Bisbal, aunque lo peor de todo es que me las ponen en un bar y yo las canto y las bailo, pero en casa o en mi iPod no se me ocurrir\u00eda meterlas :S Especialmente <em>Ave Mar\u00eda<\/em>, con <em>Buler\u00eda<\/em> he conseguido demasiados puntos en el Singstar como para tenerle man\u00eda xDDD<\/p>\n<p><strong><span style=\"font-size: 120%\"><em>Ave Mar\u00eda<\/em><\/a><\/span><br \/>\nDavid Bisbal<\/strong><br \/>\n<span style=\"font-size: 75%\"><b>\u00c1lbum:<\/b> <em>Coraz\u00f3n Latino<\/em> (2002)<\/span><\/p>\n<p><object width=\"560\" height=\"340\"><param name=\"movie\" value=\"http:\/\/www.youtube.com\/v\/7EJNR-0N0vo?fs=1&amp;hl=de_DE&amp;color1=0x5d1719&amp;color2=0xcd311b\"><\/param><param name=\"allowFullScreen\" value=\"true\"><\/param><param name=\"allowscriptaccess\" value=\"always\"><\/param><embed src=\"http:\/\/www.youtube.com\/v\/7EJNR-0N0vo?fs=1&amp;hl=de_DE&amp;color1=0x5d1719&amp;color2=0xcd311b\" type=\"application\/x-shockwave-flash\" allowscriptaccess=\"always\" allowfullscreen=\"true\" width=\"560\" height=\"340\"><\/embed><\/object><\/p>\n<p>Igual que pongo una de Bisbal puedo poner <em>Pisando fuerte<\/em> de Alejandro Sanz porque a este hombre le tengo m\u00e1s man\u00eda que a Bisbal, probablemente porque me obligaron a verlo en concierto y de aquella era m\u00e1s malo que picio en directo. <\/p>\n<p>En fin, pues eso, os dejo con Bisbal para que bail\u00e9is un poco \ud83d\ude09<\/p>\n<p>Con esto y un bizcocho&#8230; Besos<br \/>\nCris<\/p>\n","protected":false},"excerpt":{"rendered":"<p>De estas hay tambi\u00e9n hay un mont\u00f3n, pero ahora mismo se me vienen a la cabeza las canciones de Bisbal, aunque lo peor de todo es que me las ponen en un bar y yo las canto y las bailo, pero en casa o en mi iPod no se me ocurrir\u00eda meterlas :S Especialmente Ave [&hellip;]<\/p>\n","protected":false},"author":3,"featured_media":0,"comment_status":"open","ping_status":"closed","sticky":false,"template":"","format":"standard","meta":{"footnotes":""},"categories":[],"tags":[],"class_list":["post-2265","post","type-post","status-publish","format-standard","hentry"],"_links":{"self":[{"href":"https:\/\/blog.lapecera.ch\/index.php?rest_route=\/wp\/v2\/posts\/2265","targetHints":{"allow":["GET"]}}],"collection":[{"href":"https:\/\/blog.lapecera.ch\/index.php?rest_route=\/wp\/v2\/posts"}],"about":[{"href":"https:\/\/blog.lapecera.ch\/index.php?rest_route=\/wp\/v2\/types\/post"}],"author":[{"embeddable":true,"href":"https:\/\/blog.lapecera.ch\/index.php?rest_route=\/wp\/v2\/users\/3"}],"replies":[{"embeddable":true,"href":"https:\/\/blog.lapecera.ch\/index.php?rest_route=%2Fwp%2Fv2%2Fcomments&post=2265"}],"version-history":[{"count":0,"href":"https:\/\/blog.lapecera.ch\/index.php?rest_route=\/wp\/v2\/posts\/2265\/revisions"}],"wp:attachment":[{"href":"https:\/\/blog.lapecera.ch\/index.php?rest_route=%2Fwp%2Fv2%2Fmedia&parent=2265"}],"wp:term":[{"taxonomy":"category","embeddable":true,"href":"https:\/\/blog.lapecera.ch\/index.php?rest_route=%2Fwp%2Fv2%2Fcategories&post=2265"},{"taxonomy":"post_tag","embeddable":true,"href":"https:\/\/blog.lapecera.ch\/index.php?rest_route=%2Fwp%2Fv2%2Ftags&post=2265"}],"curies":[{"name":"wp","href":"https:\/\/api.w.org\/{rel}","templated":true}]}}