{"id":2248,"date":"2011-05-12T17:12:45","date_gmt":"2011-05-12T15:12:45","guid":{"rendered":"http:\/\/lapecera.ch\/?p=2248"},"modified":"2011-05-12T17:12:45","modified_gmt":"2011-05-12T15:12:45","slug":"30-dias-de-canciones","status":"publish","type":"post","link":"https:\/\/blog.lapecera.ch\/?p=2248","title":{"rendered":"30 d\u00edas de canciones"},"content":{"rendered":"<p><img loading=\"lazy\" decoding=\"async\" src=\"http:\/\/lapecera.ch\/wp-content\/uploads\/2011\/05\/mes_musical-100x100.jpg\" alt=\"\" title=\"mes_musical\" width=\"100\" height=\"100\" class=\"alignleft size-thumbnail wp-image-2255\" \/>O lo que es lo mismo, un mes musical.<\/p>\n<p>El a\u00f1o pasado me dio por los libros y, aunque podr\u00eda repetirlo, mejor si cambio un poco de tercio antes de que os sature con tanta celulosa. Hace unos d\u00edas con este reto en Facebook. B\u00e1sicamente es para hacerlo a trav\u00e9s de Facebook pero como mi blog est\u00e1 conectado con la red de redes sociales, pues va a aparecer all\u00ed de todas formas&#8230; Adem\u00e1s, lo tengo que traducir, as\u00ed que es como empezarlo de nuevo xDD<\/p>\n<p>Sois libres de apuntaros si ten\u00e9is ganas \ud83d\ude42 <\/p>\n<p><del datetime=\"2011-05-16T08:02:30+00:00\"><a href=\"http:\/\/lapecera.ch\/2008\/04\/mis-cedes-a-fine-frenzy\/\">D\u00eda 1 &#8211; Una canci\u00f3n que te guste mucho<\/a><\/del><br \/>\n<del datetime=\"2011-05-16T08:02:30+00:00\"><a href=\"http:\/\/lapecera.ch\/2011\/05\/dia-2-una-cancion-a-la-que-le-tengo-mania\/\">D\u00eda 2 &#8211; Una canci\u00f3n a la que le tengas man\u00eda<\/a><\/del><br \/>\n<del datetime=\"2011-05-16T08:02:30+00:00\"><a href=\"http:\/\/lapecera.ch\/2011\/05\/dia-3-una-cancion-que-me-ponga-contenta\/\">D\u00eda 3 &#8211; Una canci\u00f3n que te ponga content@<\/a><\/del><br \/>\n<del datetime=\"2011-05-16T08:02:30+00:00\"><a href=\"http:\/\/lapecera.ch\/2011\/05\/dia-4-una-cancion-que-me-pone-triste\/\">D\u00eda 4 &#8211; Una canci\u00f3n que te ponga triste<\/a><\/del><br \/>\n<del datetime=\"2011-05-17T06:51:39+00:00\"><a href=\"http:\/\/lapecera.ch\/2011\/05\/dia-5-una-cancion-que-me-recuerda-a-alguien\/\">D\u00eda 5 &#8211; Una canci\u00f3n que te recuerde a alguien<\/a><\/del><br \/>\n<del datetime=\"2011-05-19T10:44:35+00:00\"><a href=\"http:\/\/lapecera.ch\/2011\/05\/dia-6-una-cancion-que-me-recuerda-un-lugar\/\">D\u00eda 6 &#8211; Una canci\u00f3n que te recuerde un lugar<\/a><\/del><br \/>\n<del datetime=\"2011-05-19T11:49:55+00:00\"><a href=\"http:\/\/lapecera.ch\/2011\/05\/dia-7-una-cancion-que-me-recuerde-algun-evento\/\">D\u00eda 7 &#8211; Una canci\u00f3n que te recuerde alg\u00fan evento<\/a><\/del><br \/>\n<del datetime=\"2011-05-20T11:17:28+00:00\"><a href=\"http:\/\/lapecera.ch\/2011\/05\/dia-8-una-cancion-de-la-que-me-se-la-letra-de-memoria\/\">D\u00eda 8 &#8211; Una canci\u00f3n de la que te sabes la letra de memoria<\/a><\/del><br \/>\n<del datetime=\"2011-05-23T13:33:16+00:00\"><a href=\"http:\/\/lapecera.ch\/2011\/05\/dia-9-una-cancion-con-la-que-me-entran-ganas-de-bailar\/\">D\u00eda 9 \u2013 Una canci\u00f3n con la que te entren ganas de bailar<\/a><\/del><br \/>\n<del datetime=\"2011-05-24T13:23:44+00:00\"><a href=\"http:\/\/lapecera.ch\/2011\/05\/dia-10-una-cancion-que-me-relaja-y-con-la-que-puedo-dormirme\/\">D\u00eda 10 &#8211; Una canci\u00f3n que te relaje y con la que puedas dormirte<\/a><\/del><br \/>\n<del datetime=\"2011-05-25T07:59:29+00:00\"><a href=\"http:\/\/lapecera.ch\/2011\/05\/dia-11-una-cancion-de-mi-grupo-favorito\/\">D\u00eda 11 &#8211; Una canci\u00f3n de tu grupo favorito<\/a><\/del><br \/>\n<del datetime=\"2011-05-27T12:53:25+00:00\"><a href=\"http:\/\/lapecera.ch\/2011\/05\/dia-12-una-cancion-del-grupo-que-menos-me-gusta\/\">D\u00eda 12 &#8211; Una canci\u00f3n del grupo que menos te guste<\/a><\/del><br \/>\n<del datetime=\"2011-05-27T14:50:55+00:00\"><a href=\"http:\/\/lapecera.ch\/2011\/05\/dia-13-un-placer-inconfesable\/\">D\u00eda 13 &#8211; Una canci\u00f3n que es un placer inconfesable<\/a><\/del><br \/>\n<del datetime=\"2011-05-31T09:57:29+00:00\"><a href=\"http:\/\/lapecera.ch\/2011\/05\/dia-14-una-cancion-que-nadie-esperaria-que-me-gustase\/\">D\u00eda 14 &#8211; Una canci\u00f3n que nadie esperar\u00eda que te gustase<\/a><\/del><br \/>\n<del datetime=\"2011-05-31T10:17:15+00:00\"><a href=\"http:\/\/lapecera.ch\/2011\/05\/dia-15-una-cancion-que-me-describe\/\">D\u00eda 15 &#8211; Una canci\u00f3n que te describe<\/a><\/del><br \/>\n<del datetime=\"2011-06-06T08:20:20+00:00\"><a href=\"http:\/\/lapecera.ch\/2011\/06\/dia-16-una-cancion-que-antes-me-gustaba-y-ahora-ya-no\/\">D\u00eda 16 &#8211; Una canci\u00f3n que antes te gustaba y ahora no puedes escucharla m\u00e1s<\/a><\/del><br \/>\n<del datetime=\"2011-06-10T08:52:20+00:00\"><a href=\"http:\/\/lapecera.ch\/2011\/06\/dia-17-una-cancion-que-sale-a-menudo-en-la-radio\/\">D\u00eda 17 &#8211; Una canci\u00f3n que sale a menudo en la radio<\/a><\/del><br \/>\n<del datetime=\"2011-06-10T09:14:43+00:00\"><a href=\"http:\/\/lapecera.ch\/2011\/06\/dia-18-una-cancion-que-me-gustaria-escuchar-en-la-radio\/\">D\u00eda 18 &#8211; Una canci\u00f3n que te gustar\u00eda escuchar en la radio<\/a><\/del><br \/>\n<del datetime=\"2011-06-10T10:08:23+00:00\"><a href=\"http:\/\/lapecera.ch\/2011\/06\/dia-19-una-cancion-de-mi-album-favorito\/\">D\u00eda 19 &#8211; Una canci\u00f3n de tu \u00e1lbum favorito<\/a><\/del><br \/>\n<del datetime=\"2011-06-16T09:01:39+00:00\"><a href=\"http:\/\/lapecera.ch\/2011\/06\/dia-20-21-y-22-una-cancion-que-escucho-cuando-estoy\/\">D\u00eda 20 &#8211; Una canci\u00f3n que escuchas cuando est\u00e1s enfadad@<br \/>\nD\u00eda 21 &#8211; Una canci\u00f3n que escuchas cuando est\u00e1s content@<br \/>\nD\u00eda 22 &#8211; Una canci\u00f3n que escuchas cuando est\u00e1s triste<\/a><\/del><br \/>\n<del datetime=\"2011-06-17T13:07:31+00:00\"><a href=\"http:\/\/lapecera.ch\/2011\/06\/dia-23-una-cancion-que-quiero-que-suene-en-mi-boda\/\">D\u00eda 23 &#8211; Una canci\u00f3n que quieres que suene en tu boda<\/a><\/del><br \/>\n<del datetime=\"2011-06-17T13:07:31+00:00\"><a href=\"http:\/\/lapecera.ch\/2011\/06\/dia-24-una-cancion-que-quiero-que-suene-en-mi-funeral\/\">D\u00eda 24 &#8211; Una canci\u00f3n que quieres que suene en tu funeral<\/a><\/del><br \/>\n<del datetime=\"2011-06-17T13:30:00+00:00\"><a href=\"http:\/\/lapecera.ch\/2011\/06\/dia-25-una-cancion-que-me-hace-reir\/\">D\u00eda 25 &#8211; Una canci\u00f3n que te haga re\u00edr<\/a><\/del><br \/>\n<del datetime=\"2011-06-21T12:31:14+00:00\"><a href=\"http:\/\/lapecera.ch\/2011\/06\/dia-26-una-cancion-que-se-tocar-con-algun-instrumento\/\">D\u00eda 26 &#8211; Una canci\u00f3n que sabes tocar con alg\u00fan instrumento<\/a><\/del><br \/>\n<del datetime=\"2011-06-21T12:31:14+00:00\"><a href=\"http:\/\/lapecera.ch\/2011\/06\/dia-27-una-cancion-que-me-gustaria-saber-tocar\/\">D\u00eda 27 &#8211; Una canci\u00f3n que te gustar\u00eda saber tocar<\/a><\/del><br \/>\n<del datetime=\"2011-06-22T13:27:49+00:00\"><a href=\"http:\/\/lapecera.ch\/2011\/06\/dia-28-una-cancion-que-me-inspira\/\">D\u00eda 28 &#8211; Una canci\u00f3n que te hace sentir inspirad@ y creativ@<\/a><\/del><br \/>\n<del datetime=\"2011-06-25T11:17:43+00:00\"><a href=\"http:\/\/lapecera.ch\/2011\/06\/dia-29-una-cancion-de-mi-infancia\/\">D\u00eda 29 &#8211; Una canci\u00f3n de tu infancia<\/a><\/del><br \/>\n<del datetime=\"2011-06-25T11:17:43+00:00\"><a href=\"http:\/\/lapecera.ch\/2011\/06\/dia-30-una-cancion-que-me-hace-querer-ayudar-al-mundo\/\">D\u00eda 30 &#8211; Una canci\u00f3n que te hace querer ayudar al mundo<\/a><\/del><\/p>\n<p>\u00a1Hala! Ma\u00f1ana, si me acuerdo, empiezo \ud83d\ude42<\/p>\n<p>Con esto y un bizcocho&#8230; Besos<br \/>\nCris<\/p>\n","protected":false},"excerpt":{"rendered":"<p>O lo que es lo mismo, un mes musical. El a\u00f1o pasado me dio por los libros y, aunque podr\u00eda repetirlo, mejor si cambio un poco de tercio antes de que os sature con tanta celulosa. Hace unos d\u00edas con este reto en Facebook. B\u00e1sicamente es para hacerlo a trav\u00e9s de Facebook pero como mi [&hellip;]<\/p>\n","protected":false},"author":3,"featured_media":0,"comment_status":"open","ping_status":"closed","sticky":false,"template":"","format":"standard","meta":{"footnotes":""},"categories":[],"tags":[],"class_list":["post-2248","post","type-post","status-publish","format-standard","hentry"],"_links":{"self":[{"href":"https:\/\/blog.lapecera.ch\/index.php?rest_route=\/wp\/v2\/posts\/2248","targetHints":{"allow":["GET"]}}],"collection":[{"href":"https:\/\/blog.lapecera.ch\/index.php?rest_route=\/wp\/v2\/posts"}],"about":[{"href":"https:\/\/blog.lapecera.ch\/index.php?rest_route=\/wp\/v2\/types\/post"}],"author":[{"embeddable":true,"href":"https:\/\/blog.lapecera.ch\/index.php?rest_route=\/wp\/v2\/users\/3"}],"replies":[{"embeddable":true,"href":"https:\/\/blog.lapecera.ch\/index.php?rest_route=%2Fwp%2Fv2%2Fcomments&post=2248"}],"version-history":[{"count":0,"href":"https:\/\/blog.lapecera.ch\/index.php?rest_route=\/wp\/v2\/posts\/2248\/revisions"}],"wp:attachment":[{"href":"https:\/\/blog.lapecera.ch\/index.php?rest_route=%2Fwp%2Fv2%2Fmedia&parent=2248"}],"wp:term":[{"taxonomy":"category","embeddable":true,"href":"https:\/\/blog.lapecera.ch\/index.php?rest_route=%2Fwp%2Fv2%2Fcategories&post=2248"},{"taxonomy":"post_tag","embeddable":true,"href":"https:\/\/blog.lapecera.ch\/index.php?rest_route=%2Fwp%2Fv2%2Ftags&post=2248"}],"curies":[{"name":"wp","href":"https:\/\/api.w.org\/{rel}","templated":true}]}}