{"id":2238,"date":"2011-05-11T11:03:28","date_gmt":"2011-05-11T09:03:28","guid":{"rendered":"http:\/\/lapecera.ch\/?p=2238"},"modified":"2011-05-11T11:03:28","modified_gmt":"2011-05-11T09:03:28","slug":"yo-y-mis-empanadas","status":"publish","type":"post","link":"https:\/\/blog.lapecera.ch\/?p=2238","title":{"rendered":"Yo y mis empanadas"},"content":{"rendered":"<p>Hoy me siento en el tren, echo una siesta hasta Z\u00farich y cuando estamos llegando, despierto y me encuentro un <em>20 Minuten<\/em> encima de la mesita a mi izquierda (no tengo ni idea de si estaba ya all\u00ed antes de la siesta xP). Lo cojo y en la portada aparece esto: <\/p>\n<p><a href=\"http:\/\/lapecera.ch\/wp-content\/uploads\/2011\/05\/anna.png\" rel=\"example3\" title=\"Eurovision: Anna nos mete cantando en la Final\"><img loading=\"lazy\" decoding=\"async\" src=\"http:\/\/lapecera.ch\/wp-content\/uploads\/2011\/05\/anna-200x245.png\" alt=\"\" title=\"anna\" width=\"200\" height=\"245\" class=\"alignnone size-medium wp-image-2239\" \/><\/a><\/p>\n<p>Y yo me quedo a cuadros, porque a pesar de la pereza que me ha dado los \u00faltimos a\u00f1os seguir el ESC, siempre me he enterado a tiempo de qui\u00e9n iba y qu\u00e9 canci\u00f3n iba a cantar, al menos, los de aqu\u00ed&#8230; Pero este a\u00f1o ni me he enterado, ni tampoco me acord\u00e9 de ello para nada xDD<\/p>\n<p>El caso es que por primera vez en unos cuantos a\u00f1os, Suiza pasa a la final de Eurovisi\u00f3n, y la canci\u00f3n es super mona y la chica, Anna Rossinelli tambi\u00e9n, adem\u00e1s, es super jovencita y de Basel ^____^ La canci\u00f3n se titula &#8220;In Love for a While&#8221; y me gusta el ritmo y el ukelele al principio *___*<\/p>\n<p><object width=\"560\" height=\"340\"><param name=\"movie\" value=\"http:\/\/www.youtube.com\/v\/EKOB1LGH4pc?fs=1&amp;hl=de_DE&amp;color1=0x5d1719&amp;color2=0xcd311b\"><\/param><param name=\"allowFullScreen\" value=\"true\"><\/param><param name=\"allowscriptaccess\" value=\"always\"><\/param><embed src=\"http:\/\/www.youtube.com\/v\/EKOB1LGH4pc?fs=1&amp;hl=de_DE&amp;color1=0x5d1719&amp;color2=0xcd311b\" type=\"application\/x-shockwave-flash\" allowscriptaccess=\"always\" allowfullscreen=\"true\" width=\"560\" height=\"340\"><\/embed><\/object><\/p>\n<p>La canci\u00f3n espa\u00f1ola no me gusta nada, es un poquito movida, pero me suena a canci\u00f3n de orquesta de pueblo v.v Y la alemana, \u00bfpor qu\u00e9 va Lena otra vez? fO.o<\/p>\n<p>En fin, os dejo con Anna. Espero que os guste \ud83d\ude09<\/p>\n<p>Con esto y un bizcocho&#8230; Besos<br \/>\nCris<\/p>\n<p>PS: El s\u00e1bado, Suiza sale en la posici\u00f3n decimotercera. Igual les da suerte el n\u00famero 13&#8230; Yo por mi parte voy a hacer uso de mi ordenata para verme el ESC por primera vez desde hace unos cuantos a\u00f1os ^___^<\/p>\n","protected":false},"excerpt":{"rendered":"<p>Hoy me siento en el tren, echo una siesta hasta Z\u00farich y cuando estamos llegando, despierto y me encuentro un 20 Minuten encima de la mesita a mi izquierda (no tengo ni idea de si estaba ya all\u00ed antes de la siesta xP). Lo cojo y en la portada aparece esto: Y yo me quedo [&hellip;]<\/p>\n","protected":false},"author":3,"featured_media":0,"comment_status":"open","ping_status":"closed","sticky":false,"template":"","format":"standard","meta":{"footnotes":""},"categories":[],"tags":[],"class_list":["post-2238","post","type-post","status-publish","format-standard","hentry"],"_links":{"self":[{"href":"https:\/\/blog.lapecera.ch\/index.php?rest_route=\/wp\/v2\/posts\/2238","targetHints":{"allow":["GET"]}}],"collection":[{"href":"https:\/\/blog.lapecera.ch\/index.php?rest_route=\/wp\/v2\/posts"}],"about":[{"href":"https:\/\/blog.lapecera.ch\/index.php?rest_route=\/wp\/v2\/types\/post"}],"author":[{"embeddable":true,"href":"https:\/\/blog.lapecera.ch\/index.php?rest_route=\/wp\/v2\/users\/3"}],"replies":[{"embeddable":true,"href":"https:\/\/blog.lapecera.ch\/index.php?rest_route=%2Fwp%2Fv2%2Fcomments&post=2238"}],"version-history":[{"count":0,"href":"https:\/\/blog.lapecera.ch\/index.php?rest_route=\/wp\/v2\/posts\/2238\/revisions"}],"wp:attachment":[{"href":"https:\/\/blog.lapecera.ch\/index.php?rest_route=%2Fwp%2Fv2%2Fmedia&parent=2238"}],"wp:term":[{"taxonomy":"category","embeddable":true,"href":"https:\/\/blog.lapecera.ch\/index.php?rest_route=%2Fwp%2Fv2%2Fcategories&post=2238"},{"taxonomy":"post_tag","embeddable":true,"href":"https:\/\/blog.lapecera.ch\/index.php?rest_route=%2Fwp%2Fv2%2Ftags&post=2238"}],"curies":[{"name":"wp","href":"https:\/\/api.w.org\/{rel}","templated":true}]}}