{"id":2231,"date":"2011-05-09T16:26:27","date_gmt":"2011-05-09T14:26:27","guid":{"rendered":"http:\/\/lapecera.ch\/?p=2231"},"modified":"2011-05-09T16:26:27","modified_gmt":"2011-05-09T14:26:27","slug":"perico-palotes","status":"publish","type":"post","link":"https:\/\/blog.lapecera.ch\/?p=2231","title":{"rendered":"Perico Palotes"},"content":{"rendered":"<p>El s\u00e1bado hizo tan buuuueeenn tiempo con temperaturas que rondaban los 35\u00b0, que decid\u00ed que el domingo yo ten\u00eda que salir de casa. Eso no significa que el s\u00e1bado no saliera. No, no, el s\u00e1bado nos fuimos a desayunar al Caf\u00e9 Ring y a buscar mis papeles para votar a Correos, que como me los mandaron certificados ten\u00eda que pasarme antes de las 11h a buscarlos. Luego me pas\u00e9 por la biblioteca de Olten para hacer uso de mi carn\u00e9 que pa eso lo tengo y aparte de un par de libros de senderismo, me cog\u00ed <em>La librer\u00eda <\/em>de Pen\u00e9lope Fitzgerald que la se\u00f1orita <a href=\"http:\/\/elculturaldenerea.com\/2011\/05\/06\/la-libreria-de-penelope-fitzgerald\/\" target=\"_blank\">estoydeerasmusenbirmingham<\/a>, tambi\u00e9n conocida como <a href=\"http:\/\/twitter.com\/#!\/nerea_marco\" target=\"_blank\">@nerea_marco<\/a>, acaba de recomendar en su blog y en su twitter. Tambi\u00e9n me dio tiempo a comprarme unas sandalias y hasta me fui a Basel a mirar en Transa si la gran p\u00e9rdida del jueves pod\u00eda ser reparada. <\/p>\n<p><a href=\"http:\/\/lapecera.ch\/wp-content\/uploads\/2011\/05\/solothurn2.jpg\" rel=\"example3\" title=\"El panorama desde el Hofbergli\"><img loading=\"lazy\" decoding=\"async\" src=\"http:\/\/lapecera.ch\/wp-content\/uploads\/2011\/05\/solothurn2-200x200.jpg\" alt=\"\" title=\"solothurn2\" width=\"200\" height=\"200\" class=\"alignleft size-medium wp-image-2232\" \/><\/a>La gran p\u00e9rdida del jueves es mi chaqueta turquesa de H\u00e4glofs (ver <a href=\"http:\/\/lapecera.ch\/wp-content\/uploads\/2011\/03\/Madrid-Zgz_022.jpg\" rel=\"example3\">foto<\/a> para m\u00e1s se\u00f1as). De la ca\u00edda se ha hecho un agujero, por el que entra un dedo, a la altura del hombro derecho y ese modelo de chaqueta ya no lo hacen y mucho menos de ese color. Tendr\u00e9 que esperar al pr\u00f3ximo invierno para ver con qu\u00e9 me sorprende la marca, mientras tanto llorar\u00e9 su p\u00e9rdida y le mandar\u00e9 la chaqueta a mi madre a ver qu\u00e9 puede hacer ella con el agujero T_______T<\/p>\n<p>Haciendo uso de los libros de senderismo que me pill\u00e9 en la biblioteca, concretamente uno titulado <a href=\"http:\/\/www.amazon.de\/Jurawandern-Wasserschloss-Brugg-Rhoneklus-Genf\/dp\/3858692190\" target=\"_blank\">Jurawandern<\/a>, Christoph y yo encontramos una rutita para el domingo y decidimos combinarla con una visita al <em>Seilpark <\/em>(\u00bfparque de aventura?) de Balmberg para el que yo ten\u00eda un vale-regalo desde hace milenios (m\u00e1s bien, desde mi 30\u00b0 cumplea\u00f1os :P). <\/p>\n<p>El domingo a las 9 nos cogimos el tren a Solothurn y de all\u00ed el bus a G\u00fcnsberg. Luego la cosa fue andar cuesta arriba hasta el <a href=\"http:\/\/www.hofbergli.ch\/hofbergli.html\" target=\"_blank\">Hofbergli<\/a>, un restaurante-granja de monta\u00f1a, donde comimos y pasamos un rato hasta que a la 12 y media nos pusimos en marcha hacia Balmberg. No s\u00e9 si alguna vez hab\u00e9is estado en un parque de estos, pero no todo son tirolinas, que no me gustan mucho todo sea dicho de paso. La mayor parte de las &#8220;atracciones&#8221; son caminos de \u00e1rbol a \u00e1rbol con caminos de cuerdas y troncos a cual m\u00e1s particular. En fin&#8230; echadle un vistazo a la web de <a href=\"http:\/\/seilpark-balmberg.ch\/index.php?page=album&#038;a=1&#038;lang=de\">Balmberg<\/a> y quiz\u00e1 as\u00ed entend\u00e1is las agujetas que me gasto yo hoy y los moratones que adornan mis brazos, que nada tienen que ver con el accidente del jueves.<\/p>\n<p>Y eso fue mi fin de semana. El que viene tenemos el <em>Krummenacher-Treff<\/em>, algo as\u00ed como la quedada oficial de los Krummenacher, que es la parte de la familia de Margrit y p&#8217;all\u00e1 vamos todos los que tenemos que ver con ellos tambi\u00e9n&#8230; Ya os contar\u00e9&#8230; Prometo intentar acordarme de la c\u00e1mara de fotos \ud83d\ude1b<\/p>\n<p>Con esto y un bizcocho&#8230; Besos<br \/>\nCris<\/p>\n","protected":false},"excerpt":{"rendered":"<p>El s\u00e1bado hizo tan buuuueeenn tiempo con temperaturas que rondaban los 35\u00b0, que decid\u00ed que el domingo yo ten\u00eda que salir de casa. Eso no significa que el s\u00e1bado no saliera. No, no, el s\u00e1bado nos fuimos a desayunar al Caf\u00e9 Ring y a buscar mis papeles para votar a Correos, que como me los [&hellip;]<\/p>\n","protected":false},"author":3,"featured_media":0,"comment_status":"open","ping_status":"closed","sticky":false,"template":"","format":"standard","meta":{"footnotes":""},"categories":[],"tags":[],"class_list":["post-2231","post","type-post","status-publish","format-standard","hentry"],"_links":{"self":[{"href":"https:\/\/blog.lapecera.ch\/index.php?rest_route=\/wp\/v2\/posts\/2231","targetHints":{"allow":["GET"]}}],"collection":[{"href":"https:\/\/blog.lapecera.ch\/index.php?rest_route=\/wp\/v2\/posts"}],"about":[{"href":"https:\/\/blog.lapecera.ch\/index.php?rest_route=\/wp\/v2\/types\/post"}],"author":[{"embeddable":true,"href":"https:\/\/blog.lapecera.ch\/index.php?rest_route=\/wp\/v2\/users\/3"}],"replies":[{"embeddable":true,"href":"https:\/\/blog.lapecera.ch\/index.php?rest_route=%2Fwp%2Fv2%2Fcomments&post=2231"}],"version-history":[{"count":0,"href":"https:\/\/blog.lapecera.ch\/index.php?rest_route=\/wp\/v2\/posts\/2231\/revisions"}],"wp:attachment":[{"href":"https:\/\/blog.lapecera.ch\/index.php?rest_route=%2Fwp%2Fv2%2Fmedia&parent=2231"}],"wp:term":[{"taxonomy":"category","embeddable":true,"href":"https:\/\/blog.lapecera.ch\/index.php?rest_route=%2Fwp%2Fv2%2Fcategories&post=2231"},{"taxonomy":"post_tag","embeddable":true,"href":"https:\/\/blog.lapecera.ch\/index.php?rest_route=%2Fwp%2Fv2%2Ftags&post=2231"}],"curies":[{"name":"wp","href":"https:\/\/api.w.org\/{rel}","templated":true}]}}