{"id":2216,"date":"2011-05-03T19:43:06","date_gmt":"2011-05-03T17:43:06","guid":{"rendered":"http:\/\/lapecera.ch\/?p=2216"},"modified":"2011-05-03T19:43:06","modified_gmt":"2011-05-03T17:43:06","slug":"i-wanna-lay-you-down-on-a-bed-of-roses","status":"publish","type":"post","link":"https:\/\/blog.lapecera.ch\/?p=2216","title":{"rendered":"I wanna lay you down on a bed of roses"},"content":{"rendered":"<blockquote><p>We weren&#8217;t born to follow<br \/>\nCome on and get up off your knees<br \/>\nWhen life is a bitter pill to swallow<br \/>\nYou gotta hold on to what you believe<\/p><\/blockquote>\n<p><a href=\"http:\/\/lapecera.ch\/wp-content\/uploads\/2011\/05\/bonjovi.jpg\" rel=\"example3\">14 de julio de 2011, 18h45<\/a>, <a href=\"http:\/\/maps.google.ch\/maps?f=q&#038;source=s_q&#038;hl=de&#038;geocode=&#038;q=letzigrund+stadion+z%C3%BCrich&#038;sll=47.382741,8.503063&#038;sspn=0.010359,0.01929&#038;gl=ch&#038;ie=UTF8&#038;hq=letzigrund+stadion+z%C3%BCrich&#038;hnear=Stadion+Letzigrund,+Badenerstrasse+500,+Kreis+9+8048+Z%C3%BCrich&#038;ll=47.383387,8.503547&#038;spn=0.019992,0.038581&#038;t=h&#038;z=15&#038;iwloc=A\" target=\"_blank\">Letzigrund Stadion<\/a>, Z\u00fcrich, 15 a\u00f1os desde el 14 de junio de 1996 en Gij\u00f3n, cuando no pude ir a verlos por no tener compa\u00f1\u00eda. \u00a1\u00a1Al fin voy a ir a verlos!! Con (mari)Heidi y (mari)Silvia y (mari)Ana y los ni\u00f1os *___________*<\/p>\n<p>\u00a1\u00a1Practiquen conmigo!!<br \/>\n<object width=\"560\" height=\"340\"><param name=\"movie\" value=\"http:\/\/www.youtube.com\/v\/jKOjcqoZRRs?fs=1&amp;hl=de_DE&amp;color1=0x5d1719&amp;color2=0xcd311b\"><\/param><param name=\"allowFullScreen\" value=\"true\"><\/param><param name=\"allowscriptaccess\" value=\"always\"><\/param><embed src=\"http:\/\/www.youtube.com\/v\/jKOjcqoZRRs?fs=1&amp;hl=de_DE&amp;color1=0x5d1719&amp;color2=0xcd311b\" type=\"application\/x-shockwave-flash\" allowscriptaccess=\"always\" allowfullscreen=\"true\" width=\"560\" height=\"340\"><\/embed><\/object><br \/>\nAnda que no me dio quebraderos de cabeza la letra de esta canci\u00f3n en mi adolescencia \ud83d\ude1b<\/p>\n<p><object width=\"560\" height=\"340\"><param name=\"movie\" value=\"http:\/\/www.youtube.com\/v\/9BMwcO6_hyA&#038;NR=1?fs=1&amp;hl=de_DE&amp;color1=0x5d1719&amp;color2=0xcd311b\"><\/param><param name=\"allowFullScreen\" value=\"true\"><\/param><param name=\"allowscriptaccess\" value=\"always\"><\/param><embed src=\"http:\/\/www.youtube.com\/v\/9BMwcO6_hyA&#038;NR=1?fs=1&amp;hl=de_DE&amp;color1=0x5d1719&amp;color2=0xcd311b\" type=\"application\/x-shockwave-flash\" allowscriptaccess=\"always\" allowfullscreen=\"true\" width=\"560\" height=\"340\"><\/embed><\/object><br \/>\nY la de \u00e9sta tambi\u00e9n&#8230;<\/p>\n<p>Estas van dedicadas con todo mi cari\u00f1o a la Marisilvi para que se busque un modelo de leggins \ud83d\ude1b<br \/>\n<object width=\"560\" height=\"340\"><param name=\"movie\" value=\"http:\/\/www.youtube.com\/v\/lDK9QqIzhwk?fs=1&amp;hl=de_DE&amp;color1=0x5d1719&amp;color2=0xcd311b\"><\/param><param name=\"allowFullScreen\" value=\"true\"><\/param><param name=\"allowscriptaccess\" value=\"always\"><\/param><embed src=\"http:\/\/www.youtube.com\/v\/lDK9QqIzhwk?fs=1&amp;hl=de_DE&amp;color1=0x5d1719&amp;color2=0xcd311b\" type=\"application\/x-shockwave-flash\" width=\"560\" height=\"340\" allowscriptaccess=\"always\" allowfullscreen=\"true\"><\/embed><\/object><\/p>\n<p><object width=\"560\" height=\"340\"><param name=\"movie\" value=\"http:\/\/www.youtube.com\/v\/KrZHPOeOxQQ?fs=1&amp;hl=de_DE&amp;color1=0x5d1719&amp;color2=0xcd311b\"><\/param><param name=\"allowFullScreen\" value=\"true\"><\/param><param name=\"allowscriptaccess\" value=\"always\"><\/param><embed src=\"http:\/\/www.youtube.com\/v\/KrZHPOeOxQQ?fs=1&amp;hl=de_DE&amp;color1=0x5d1719&amp;color2=0xcd311b\" type=\"application\/x-shockwave-flash\" width=\"560\" height=\"340\" allowscriptaccess=\"always\" allowfullscreen=\"true\"><\/embed><\/object><\/p>\n<p><object width=\"560\" height=\"340\"><param name=\"movie\" value=\"http:\/\/www.youtube.com\/v\/EhjSzibOIH4?fs=1&amp;hl=de_DE&amp;color1=0x5d1719&amp;color2=0xcd311b\"><\/param><param name=\"allowFullScreen\" value=\"true\"><\/param><param name=\"allowscriptaccess\" value=\"always\"><\/param><embed src=\"http:\/\/www.youtube.com\/v\/EhjSzibOIH4?fs=1&amp;hl=de_DE&amp;color1=0x5d1719&amp;color2=0xcd311b\" type=\"application\/x-shockwave-flash\" width=\"560\" height=\"340\" allowscriptaccess=\"always\" allowfullscreen=\"true\"><\/embed><\/object><\/p>\n<p>Y ya me vali\u00f3&#8230; \u00a1Hala, hasta otra! Me voy a hacer agujeros en un mueble \ud83d\ude1b<\/p>\n<p>Con esto y un bizcocho&#8230; Besos<br \/>\nCris<\/p>\n","protected":false},"excerpt":{"rendered":"<p>We weren&#8217;t born to follow Come on and get up off your knees When life is a bitter pill to swallow You gotta hold on to what you believe 14 de julio de 2011, 18h45, Letzigrund Stadion, Z\u00fcrich, 15 a\u00f1os desde el 14 de junio de 1996 en Gij\u00f3n, cuando no pude ir a verlos [&hellip;]<\/p>\n","protected":false},"author":3,"featured_media":0,"comment_status":"open","ping_status":"closed","sticky":false,"template":"","format":"standard","meta":{"footnotes":""},"categories":[],"tags":[],"class_list":["post-2216","post","type-post","status-publish","format-standard","hentry"],"_links":{"self":[{"href":"https:\/\/blog.lapecera.ch\/index.php?rest_route=\/wp\/v2\/posts\/2216","targetHints":{"allow":["GET"]}}],"collection":[{"href":"https:\/\/blog.lapecera.ch\/index.php?rest_route=\/wp\/v2\/posts"}],"about":[{"href":"https:\/\/blog.lapecera.ch\/index.php?rest_route=\/wp\/v2\/types\/post"}],"author":[{"embeddable":true,"href":"https:\/\/blog.lapecera.ch\/index.php?rest_route=\/wp\/v2\/users\/3"}],"replies":[{"embeddable":true,"href":"https:\/\/blog.lapecera.ch\/index.php?rest_route=%2Fwp%2Fv2%2Fcomments&post=2216"}],"version-history":[{"count":0,"href":"https:\/\/blog.lapecera.ch\/index.php?rest_route=\/wp\/v2\/posts\/2216\/revisions"}],"wp:attachment":[{"href":"https:\/\/blog.lapecera.ch\/index.php?rest_route=%2Fwp%2Fv2%2Fmedia&parent=2216"}],"wp:term":[{"taxonomy":"category","embeddable":true,"href":"https:\/\/blog.lapecera.ch\/index.php?rest_route=%2Fwp%2Fv2%2Fcategories&post=2216"},{"taxonomy":"post_tag","embeddable":true,"href":"https:\/\/blog.lapecera.ch\/index.php?rest_route=%2Fwp%2Fv2%2Ftags&post=2216"}],"curies":[{"name":"wp","href":"https:\/\/api.w.org\/{rel}","templated":true}]}}