{"id":2143,"date":"2011-04-15T15:26:39","date_gmt":"2011-04-15T13:26:39","guid":{"rendered":"http:\/\/lapecera.ch\/?p=2143"},"modified":"2011-04-15T15:26:39","modified_gmt":"2011-04-15T13:26:39","slug":"arco-iris-2011-naranja","status":"publish","type":"post","link":"https:\/\/blog.lapecera.ch\/?p=2143","title":{"rendered":"[Arco Iris 2011] Naranja"},"content":{"rendered":"<p>Yo pregunt\u00e9 y vosotros contestast\u00e9is, as\u00ed que aqu\u00ed va la primera rese\u00f1a dentro del <a href=\"http:\/\/lapecera.ch\/2011\/01\/desafio-2011-leamosnos-el-arco-iris\/\" target=\"_blank\">reto de este a\u00f1o<\/a>. B\u00e1sicamente no deber\u00eda estar escribi\u00e9ndola aqu\u00ed porque es uno de mis art\u00edculos del pr\u00f3ximo n\u00famero de <a href=\"http:\/\/eltemplodelasmilpuertas.com\" target=\"_blank\"><em>El Templo de las Mil Puertas<\/em><\/a> (aunque al paso que voy igual sale la revista antes *risa sarc\u00e1stica*), pero este libro es tan genial que tengo que gritarlo a los cuatro vientos. Aqu\u00ed simplemente se lo soplo a un par de lectores fantasma(s). En <em>El Templo<\/em> llegar\u00e1 a un par de gentes m\u00e1s&#8230; espero \ud83d\ude1b<\/p>\n<p><span style=\"font-size: 120%;\"><strong>Saving Francesca<\/strong><\/span><br \/>\nMelina Marchetta<\/p>\n<p><img loading=\"lazy\" decoding=\"async\" class=\"alignnone size-full wp-image-2146\" title=\"francesca3\" src=\"http:\/\/lapecera.ch\/wp-content\/uploads\/2011\/04\/francesca3.jpg\" alt=\"\" width=\"166\" height=\"250\" \/><img loading=\"lazy\" decoding=\"async\" class=\"alignnone size-full wp-image-2145\" title=\"francesca2\" src=\"http:\/\/lapecera.ch\/wp-content\/uploads\/2011\/04\/francesca2.jpg\" alt=\"\" width=\"185\" height=\"250\" \/><img loading=\"lazy\" decoding=\"async\" class=\"alignnone size-full wp-image-2144\" title=\"francesca1\" src=\"http:\/\/lapecera.ch\/wp-content\/uploads\/2011\/04\/francesca1.jpg\" alt=\"\" width=\"162\" height=\"250\" \/><img loading=\"lazy\" decoding=\"async\" class=\"alignnone size-full wp-image-2157\" title=\"francesca4\" src=\"http:\/\/lapecera.ch\/wp-content\/uploads\/2011\/04\/francesca4.jpg\" alt=\"\" width=\"167\" height=\"250\" \/><\/p>\n<p>Ya sab\u00e9is que soy muy friki, o muy mit\u00f3mana, como dir\u00eda Ra\u00fal, o muy materialista, como dir\u00eda mi se\u00f1or contrario. Por eso, este libro, que ha sido uno de los mejores que he le\u00eddo en mucho tiempo, lo tengo en cuatro ediciones diferentes: Bolsillo, tapa dura, <em>ebook<\/em> y audiolibro&#8230; pero es que Francesca lo vale (aunque una de las ediciones de bolsillo y la de tapa dura se van a ir a conocer mundo).<\/p>\n<p>[spoiler intro=&#8221;Un intento de resumen&#8221;]<\/p>\n<blockquote><p>La vida de Francesca se empieza a desmoronar el d\u00eda que su madre no se levanta de la cama como de costumbre. Tiene una depresi\u00f3n aguda y ya nada volver\u00e1 a ser lo mismo. Francesca intenta por todos los medios mantener a su familia unida y salvar lo que queda de su vida, pero no resulta nada f\u00e1cil. Adem\u00e1s, tiene otros problemas con los que lidiar fuera de casa: por un lado, el St. Sebastian&#8217;s, un antiguo colegio para chicos, que ha abierto sus puertas a la educaci\u00f3n mixta, sin mucho \u00e9xito o idea, para desgracia de sus alumnas; luego est\u00e1n sus amigas de la antigua escuela, pero que ahora van al Stella&#8217;s, colegio al que quisiera ir Francesca. Se supone que son sus mejores amigas, sin embargo, cada vez se alejan m\u00e1s de ella y la tratan como a una simple conocida, haciendo que Francesca se sienta completamente perdida. Y por otro lado, est\u00e1n sus nuevos e inesperados amigos del St. Sebastian&#8217;s que, no s\u00f3lo se convertir\u00e1n en su pilar de apoyo para salir de la crisis familiar que la ahoga en casa, sino que la salvar\u00e1n sin pretenderlo de s\u00ed misma y de su conformismo. Por \u00falitmo, est\u00e1 Will, ese chico que posee una voz grave y \u00e1spera y siempre tiene el ce\u00f1o fruncido, y por el que Francesca se siente atra\u00edda contra su propia voluntad.<\/p><\/blockquote>\n<p>[\/spoiler]<\/p>\n<p>Hay dos cosas que me gustan en esta novela: una, es la evoluci\u00f3n de Francesca de ser puro conformismo y pasotismo a convertirse en la mujer comprometida y con voz propia que su madre siempre andaba buscando dentro de ella. Y la otra es la amistad. C\u00f3mo se forma la amistad entre Francesca, Tara, Justin, Siobhan, Tom y Jim es peculiar e inesperada y te sorprende cuando la lees por su realismo y sentimiento. Es uno de los mayores m\u00e9ritos de la autora: su forma de transmitir la amistad a trav\u00e9s de las p\u00e1ginas. \u00a1\u00a1Es magn\u00edfica!! <\/p>\n<p>Una de las cosas que, adem\u00e1s, se podr\u00eda decir sobre <em>Saving Francesca <\/em>es que el libro en s\u00ed es una gigantesca cita. S\u00ed, no pasan dos l\u00edneas sin que encuentres algun punto memorable y digno de recordar. Aparte de que, a pesar del tema que trata, en especial, la depresi\u00f3n, nunca cae en el melodramatismo y es muy ameno. Te presenta la enfermedad como algo real y da\u00f1ino, no s\u00f3lo para el que la padece, sino para todo su entorno, pero dentro de la gravedad nos muestra que siempre hay una salida, que la gente se crece en la adversidad para lidiar con los problemas y vencerlos, y eso es lo m\u00e1s importante.<\/p>\n<p>Melina Marchetta es una especie de Laura Gallego en versi\u00f3n <em>Aussie<\/em>, aunque no tan prol\u00edfica. Hasta escribe fantas\u00eda: la trilog\u00eda de Lumatere con <em>Finnikin of the Rock<\/em> (2008), <em>Froi of the Exsiles<\/em> (2011) y <em>Quintana of Charyn<\/em> (2012). De momento, para m\u00ed <em>Saving Francesca <\/em>ha sido mi primer libro de esta mujer. Ahora me quedan todos los dem\u00e1s: <em>On the Jellicoe Road<\/em> (2006), <em>Looking for Alibrandi<\/em> (1992), <em>The Piper&#8217;s son<\/em> (secuela de <em>Saving Francesca<\/em>, 2010) y los nombrados con anterioridad; y la pel\u00edcula de <em>Looking for Alibrandi<\/em>, que ya est\u00e1 metida en mi iPhone esperando a tener tiempo \ud83d\ude09<\/p>\n<p>Y ahora os dejo ya, que tengo cosas que hacer, aunque no ganas, y de todas formas, es viernes \ud83d\ude42<\/p>\n<p>Con esto y un bizcocho&#8230; Besos<br \/>\nCris<\/p>\n<p>PS: \u00bfQu\u00e9 sistema de puntos uso? Podr\u00eda poner pececillos, pero no encuentro ninguna imagen que me guste&#8230; Me veo dibuj\u00e1ndolo yo misma&#8230; Con lo que me gustan a m\u00ed los cerditos de <a href=\"http:\/\/missbookiverse.blogspot.com\/\" target=\"_blank\">Miss Bookiverse<\/a>.<\/p>\n","protected":false},"excerpt":{"rendered":"<p>Yo pregunt\u00e9 y vosotros contestast\u00e9is, as\u00ed que aqu\u00ed va la primera rese\u00f1a dentro del reto de este a\u00f1o. B\u00e1sicamente no deber\u00eda estar escribi\u00e9ndola aqu\u00ed porque es uno de mis art\u00edculos del pr\u00f3ximo n\u00famero de El Templo de las Mil Puertas (aunque al paso que voy igual sale la revista antes *risa sarc\u00e1stica*), pero este libro [&hellip;]<\/p>\n","protected":false},"author":3,"featured_media":0,"comment_status":"open","ping_status":"closed","sticky":false,"template":"","format":"standard","meta":{"footnotes":""},"categories":[],"tags":[],"class_list":["post-2143","post","type-post","status-publish","format-standard","hentry"],"_links":{"self":[{"href":"https:\/\/blog.lapecera.ch\/index.php?rest_route=\/wp\/v2\/posts\/2143","targetHints":{"allow":["GET"]}}],"collection":[{"href":"https:\/\/blog.lapecera.ch\/index.php?rest_route=\/wp\/v2\/posts"}],"about":[{"href":"https:\/\/blog.lapecera.ch\/index.php?rest_route=\/wp\/v2\/types\/post"}],"author":[{"embeddable":true,"href":"https:\/\/blog.lapecera.ch\/index.php?rest_route=\/wp\/v2\/users\/3"}],"replies":[{"embeddable":true,"href":"https:\/\/blog.lapecera.ch\/index.php?rest_route=%2Fwp%2Fv2%2Fcomments&post=2143"}],"version-history":[{"count":0,"href":"https:\/\/blog.lapecera.ch\/index.php?rest_route=\/wp\/v2\/posts\/2143\/revisions"}],"wp:attachment":[{"href":"https:\/\/blog.lapecera.ch\/index.php?rest_route=%2Fwp%2Fv2%2Fmedia&parent=2143"}],"wp:term":[{"taxonomy":"category","embeddable":true,"href":"https:\/\/blog.lapecera.ch\/index.php?rest_route=%2Fwp%2Fv2%2Fcategories&post=2143"},{"taxonomy":"post_tag","embeddable":true,"href":"https:\/\/blog.lapecera.ch\/index.php?rest_route=%2Fwp%2Fv2%2Ftags&post=2143"}],"curies":[{"name":"wp","href":"https:\/\/api.w.org\/{rel}","templated":true}]}}