{"id":2120,"date":"2011-03-31T15:47:12","date_gmt":"2011-03-31T13:47:12","guid":{"rendered":"http:\/\/lapecera.ch\/?p=2120"},"modified":"2011-03-31T15:47:12","modified_gmt":"2011-03-31T13:47:12","slug":"asvireca-iv-trust-me-im-a-templar","status":"publish","type":"post","link":"https:\/\/blog.lapecera.ch\/?p=2120","title":{"rendered":"Vacaciones de Cris y AsViReCa IV: Trust me I&#8217;m a Templar"},"content":{"rendered":"<p>No s\u00e9 si os habr\u00e9is enterado porque \u00faltimamente me paso muy poco por estos lares, pero he estado de escapada-fin-de-semana en Madrid visitando a la Soto&#8230; por los pelos que en cuatro d\u00edas se nos vuelve pal norte (\u00bfy ahora d\u00f3nde duermo yo en Madrid? xD).<\/p>\n<p>Si bien no he podido quedar con <a href=\"http:\/\/enpazyenguerra.blogspot.com\/\" target=\"_blank\">La Juglaresa<\/a>, he tenido la oportunidad de conocer a una gente muy maja (perd\u00f3n, m\u00e1s bien, muy chiflada) de una revista online llamada <a href=\"http:\/\/eltemplodelasmilpuertas.com\/\" target=\"_blank\">El Templo de las Mil Puertas<\/a>. No s\u00e9 si la conocer\u00e9is \ud83d\ude1b El caso es que yo, por mi parte, les he puesto voz a (casi) todos los templarios y me he ganao un par de libros&#8230; Y ellos a cambio se llevaron una tableta de chocolate suizo, menos Keko, que como lleg\u00f3 el \u00faltimo (pobrecillo, que taba trabajando), se me olvid\u00f3 d\u00e1rsela, <em>shame on you, papal!<\/em><\/p>\n<p><a title=\"Keko, Nere, Carlota, lamendalerenda y Ruescaaaaaas\" target=\"_blank\" href=\"http:\/\/lapecera.ch\/wp-content\/uploads\/2011\/03\/Madrid-Zgz_022.jpg\"><img loading=\"lazy\" decoding=\"async\" class=\"alignright size-medium wp-image-2127\" title=\"Madrid-Zgz_022\" src=\"http:\/\/lapecera.ch\/wp-content\/uploads\/2011\/03\/Madrid-Zgz_022-200x150.jpg\" alt=\"\" width=\"200\" height=\"150\" \/><\/a>Bueno, y ahora el resumen general del fin de semana con las ni\u00f1as en Madriz:<\/p>\n<p>&#8211; Empezamos por el highlight del viernes: Emma y L llegan a la <strong>T4 <\/strong>con retraso a eso de las 2. En los paneles ven que hay un vuelo de Zurich que est\u00e1 pa llegar y deciden esperarme&#8230; Suponiendo que yo llegaba en ese vuelo, porque como m\u00e1s tarde descubrieron, <em>aqu\u00edlamendalerenda <\/em>llegaba a la <strong>T2 <\/strong>en un vuelo de Swiss a las tres de la tarde xDDD As\u00ed que Emma y L estuvieron esperando por m\u00ed en la T4 durante un rato, hasta que la Soto las llam\u00f3 y pregunt\u00f3: &#8220;\u00bfEn qu\u00e9 terminal est\u00e1is?&#8221; xDDD<br \/>\n&#8211; Llegamos a casa de la Soto en el barrio de Carabanchel y paquetes de regalo, libros, DVDs y dem\u00e1s empiezan a volar de una maleta a otra (entre otros, una mu\u00f1equita Dolly de <em>Toy Story 3<\/em> *___*). Lo mejor de todo, aparte de mi nuevo Exlibris con pecera: Emma me regala una almohada cervical como la suya de la mariquita, pero con una jirafa&#8230; Y \u00bfqu\u00e9 digo yo cuando la veo?: &#8220;\u00a1Qu\u00e9 guay, es una <strong>ZANAHORIA<\/strong>!&#8221;. A la pobre jirafa se le ha quedao ese nombre&#8230; Y yo deber\u00eda ir a clases de biolog\u00eda o algo, porque vamos, confundir dos seres vivos de semejante manera no tiene perd\u00f3n \ud83d\ude1b<br \/>\n&#8211; Nos vamos de tapas por Madrid. No tengo ni idea de d\u00f3nde fue, el bar se llamaba Los Gatos, pero lo destacable fue la <strong>mini-borrachera de 10 minutos <\/strong>que se pill\u00f3 Emma con media cerveza. A su favor decir que no hab\u00eda dormido en 36 horas y no est\u00e1 acostumbrada a beber alcohol&#8230; as\u00ed que el momento &#8220;creo que me estoy mareando&#8221; es justificable y comprensible. Pero las risas que nos pegamos L, la Soto y yo no nos las quita nadie xDDDDD<br \/>\n&#8211; La <strong>frase <\/strong>del fin de semana: &#8220;Abuellaaaaa, el sonotoneee&#8221;, a Emma cada vez que no nos entend\u00eda a la primera xD<br \/>\n&#8211; 250 francos en <strong>libros<\/strong>, al menos, tres de ellos se han ido a Oviedo. Y luego est\u00e1n los libros regalados *___*<br \/>\n&#8211; El h\u00e9roe del fin de semana: <a title=\"Paquito, el bonsai\" target=\"_blank\" href=\"http:\/\/lapecera.ch\/wp-content\/uploads\/2011\/03\/P1010060.jpg\"><strong>Paquito<\/strong><\/a>, y el lema del fin de semana: <strong>Salvemos a Paquito<\/strong>. Por eso, le regalamos a Mar\u00eda <a title=\"El libro: Gu\u00eda pr\u00e1ctica para no matar a Paquito y que vuelva como fantasma a vengarse\" target=\"_blank\" href=\"http:\/\/lapecera.ch\/wp-content\/uploads\/2011\/03\/P1010067.jpg\">un libro sobre el cuidado de los bonsais<\/a>.<br \/>\n&#8211; Los 8\u20ac pr\u00e1cticamente robados por el <strong>museo Thyssen <\/strong>para ver <a title=\"se llamaba ???\" target=\"_blank\" href=\"http:\/\/lapecera.ch\/wp-content\/uploads\/2011\/03\/esto.png\">esto<\/a> y la mitad de la exposici\u00f3n &#8220;Hero\u00ednas&#8221;. Curiosamente los cuadros que yo quer\u00eda ver estaban en la Fundaci\u00f3n Caja Madrid. Lamentablemente no conseguimos llegar hasta all\u00ed. Es lo que tiene que haya que pasar por Sol y Callao, que una se entretiene.<br \/>\n&#8211; La <strong>quedada templaria<\/strong>, los libros firmados (con drag\u00f3n tejedor y dibujo de El Cronista inclu\u00eddos), Doroc\u00fd fO.o y dem\u00e1s paranoias de esta gente. La libretita de Paperblanks de Carlota con el orden del d\u00eda. El intercambio de libros. Las risas que nos echamos con lo de &#8220;Un chico con la piel color caramelo y el pelo de ese color dorado de las hojas prepar\u00e1ndose para caer&#8221; <span style=\"font-size:85%\">(traducci\u00f3n patatera, que no tengo el libro en espa\u00f1ol)<\/span>.<br \/>\n&#8211; Los <strong>momentos <em>off<\/em><\/strong> de la Soto cada vez que a Emma y a m\u00ed nos daba por hablar de libros y\/o mangas xDDD<\/p>\n<p>Hubo muchas m\u00e1s pijadas, pero como no las apunt\u00e9 como en Roma, no me acuerdo, as\u00ed que pido la colaboraci\u00f3n ciudadana&#8230; o sea, Mar\u00eda, Emma y L, conta\u00edme qu\u00e9 me falta \ud83d\ude1b<\/p>\n<p>Y nada, volv\u00ed el martes a trabajar para enterarme de que Silvie se va de Avaloq a finales de mayo, como muy tarde, y que este verano va a ser de lo m\u00e1s divertido para coger vacaciones fO.o Donde ya estaba yo muy contenta con mi trabajo, echa le\u00f1a al fuego \u00ac\u00ac En fin&#8230; <\/p>\n<p>Por lo dem\u00e1s, la lluvia ha vuelto, aunque por lo menos no hace tanto fr\u00edo&#8230; Y eso de que los d\u00edas se alarguen despista un poco (yo sigo con mi jetlag de una hora v.v), pero as\u00ed podr\u00e9 ir a correr m\u00e1s a menudo, si deja de llover de una buena vez, claro. <\/p>\n<p>Hala, os dejo, que me voy a Shiatsu, ooommmmm!!!<\/p>\n<p>Con esto y un bizcocho&#8230; Besos<br \/>\nCris<\/p>\n<p>PS: El t\u00edtulo es una ligera variaci\u00f3n de <a href=\"http:\/\/www.etsy.com\/listing\/62028275\/trust-me-im-a-jedi-pinback-button-qty-1\" target=\"_blank\">esto<\/a><\/p>\n","protected":false},"excerpt":{"rendered":"<p>No s\u00e9 si os habr\u00e9is enterado porque \u00faltimamente me paso muy poco por estos lares, pero he estado de escapada-fin-de-semana en Madrid visitando a la Soto&#8230; por los pelos que en cuatro d\u00edas se nos vuelve pal norte (\u00bfy ahora d\u00f3nde duermo yo en Madrid? xD). Si bien no he podido quedar con La Juglaresa, [&hellip;]<\/p>\n","protected":false},"author":3,"featured_media":0,"comment_status":"open","ping_status":"closed","sticky":false,"template":"","format":"standard","meta":{"footnotes":""},"categories":[],"tags":[],"class_list":["post-2120","post","type-post","status-publish","format-standard","hentry"],"_links":{"self":[{"href":"https:\/\/blog.lapecera.ch\/index.php?rest_route=\/wp\/v2\/posts\/2120","targetHints":{"allow":["GET"]}}],"collection":[{"href":"https:\/\/blog.lapecera.ch\/index.php?rest_route=\/wp\/v2\/posts"}],"about":[{"href":"https:\/\/blog.lapecera.ch\/index.php?rest_route=\/wp\/v2\/types\/post"}],"author":[{"embeddable":true,"href":"https:\/\/blog.lapecera.ch\/index.php?rest_route=\/wp\/v2\/users\/3"}],"replies":[{"embeddable":true,"href":"https:\/\/blog.lapecera.ch\/index.php?rest_route=%2Fwp%2Fv2%2Fcomments&post=2120"}],"version-history":[{"count":0,"href":"https:\/\/blog.lapecera.ch\/index.php?rest_route=\/wp\/v2\/posts\/2120\/revisions"}],"wp:attachment":[{"href":"https:\/\/blog.lapecera.ch\/index.php?rest_route=%2Fwp%2Fv2%2Fmedia&parent=2120"}],"wp:term":[{"taxonomy":"category","embeddable":true,"href":"https:\/\/blog.lapecera.ch\/index.php?rest_route=%2Fwp%2Fv2%2Fcategories&post=2120"},{"taxonomy":"post_tag","embeddable":true,"href":"https:\/\/blog.lapecera.ch\/index.php?rest_route=%2Fwp%2Fv2%2Ftags&post=2120"}],"curies":[{"name":"wp","href":"https:\/\/api.w.org\/{rel}","templated":true}]}}